{"id":124286,"date":"2023-10-09T13:18:54","date_gmt":"2023-10-09T18:18:54","guid":{"rendered":"https:\/\/nvnoticias.mx\/?p=124286"},"modified":"2023-10-09T13:19:08","modified_gmt":"2023-10-09T18:19:08","slug":"celebra-amlo-baja-de-inflacion-en-septiembre","status":"publish","type":"post","link":"https:\/\/nvnoticias.mx\/index.php\/2023\/10\/09\/celebra-amlo-baja-de-inflacion-en-septiembre\/","title":{"rendered":"Celebra AMLO baja de inflaci\u00f3n en septiembre"},"content":{"rendered":"\n<p>El presidente Andr\u00e9s Manuel L\u00f3pez Obrador\u00a0<strong>celebr\u00f3\u00a0<\/strong>que la\u00a0inflaci\u00f3n en M\u00e9xico haya bajado por octavo mes consecutivo\u00a0y se ubicar\u00e1 en 4.45 por ciento anual.<\/p>\n\n\n\n<blockquote class=\"wp-block-quote is-layout-flow wp-block-quote-is-layout-flow\"><p>\u201cEs una muy buena noticia.<strong>\u00a0Aunque sea poquito<\/strong>,\u00a0<strong>pero ah\u00ed va bajando<\/strong>. \u00a1Qu\u00e9 bueno!\u201d, festej\u00f3.<\/p><\/blockquote>\n\n\n\n<p>Este lunes, el INEGI inform\u00f3 que el dato de inflaci\u00f3n se ubic\u00f3 por debajo de lo esperado por el mercado y que el\u00a0<strong>\u00cdndice Nacional de Precios al Consumidor\u00a0<\/strong>avanz\u00f3 0.44 por ciento, su menor avance en tres meses.<\/p>\n\n\n\n<p>Fuente: <a href=\"https:\/\/www.elfinanciero.com.mx\/nacional\/2023\/10\/09\/amlo-mananera-temas-hoy-9-octubre-2023-en-vivo\/\" data-type=\"URL\" data-id=\"https:\/\/www.elfinanciero.com.mx\/nacional\/2023\/10\/09\/amlo-mananera-temas-hoy-9-octubre-2023-en-vivo\/\">El Financiero<\/a> <\/p>\n","protected":false},"excerpt":{"rendered":"<p>El presidente Andr\u00e9s Manuel L\u00f3pez Obrador\u00a0celebr\u00f3\u00a0que la\u00a0inflaci\u00f3n en M\u00e9xico haya bajado por octavo mes consecutivo\u00a0y se ubicar\u00e1 en 4.45 por ciento anual. \u201cEs una muy buena noticia.\u00a0Aunque sea poquito,\u00a0pero ah\u00ed va bajando. \u00a1Qu\u00e9 bueno!\u201d, festej\u00f3. Este lunes, el INEGI inform\u00f3 que el dato de inflaci\u00f3n se ubic\u00f3 por debajo de lo esperado por el mercado [&hellip;]<\/p>\n","protected":false},"author":35,"featured_media":107775,"comment_status":"open","ping_status":"open","sticky":false,"template":"","format":"standard","meta":{"_monsterinsights_skip_tracking":false,"_monsterinsights_sitenote_active":false,"_monsterinsights_sitenote_note":"","_monsterinsights_sitenote_category":0,"footnotes":""},"categories":[157],"tags":[188,9689,2978],"class_list":["post-124286","post","type-post","status-publish","format-standard","has-post-thumbnail","hentry","category-nacional","tag-amlo","tag-celebra","tag-inflacion","wp-image-borders"],"amp_enabled":true,"_links":{"self":[{"href":"https:\/\/nvnoticias.mx\/index.php\/wp-json\/wp\/v2\/posts\/124286","targetHints":{"allow":["GET"]}}],"collection":[{"href":"https:\/\/nvnoticias.mx\/index.php\/wp-json\/wp\/v2\/posts"}],"about":[{"href":"https:\/\/nvnoticias.mx\/index.php\/wp-json\/wp\/v2\/types\/post"}],"author":[{"embeddable":true,"href":"https:\/\/nvnoticias.mx\/index.php\/wp-json\/wp\/v2\/users\/35"}],"replies":[{"embeddable":true,"href":"https:\/\/nvnoticias.mx\/index.php\/wp-json\/wp\/v2\/comments?post=124286"}],"version-history":[{"count":2,"href":"https:\/\/nvnoticias.mx\/index.php\/wp-json\/wp\/v2\/posts\/124286\/revisions"}],"predecessor-version":[{"id":124288,"href":"https:\/\/nvnoticias.mx\/index.php\/wp-json\/wp\/v2\/posts\/124286\/revisions\/124288"}],"wp:featuredmedia":[{"embeddable":true,"href":"https:\/\/nvnoticias.mx\/index.php\/wp-json\/wp\/v2\/media\/107775"}],"wp:attachment":[{"href":"https:\/\/nvnoticias.mx\/index.php\/wp-json\/wp\/v2\/media?parent=124286"}],"wp:term":[{"taxonomy":"category","embeddable":true,"href":"https:\/\/nvnoticias.mx\/index.php\/wp-json\/wp\/v2\/categories?post=124286"},{"taxonomy":"post_tag","embeddable":true,"href":"https:\/\/nvnoticias.mx\/index.php\/wp-json\/wp\/v2\/tags?post=124286"}],"curies":[{"name":"wp","href":"https:\/\/api.w.org\/{rel}","templated":true}]}}