{"id":124256,"date":"2023-10-09T12:24:39","date_gmt":"2023-10-09T17:24:39","guid":{"rendered":"https:\/\/nvnoticias.mx\/?p=124256"},"modified":"2023-10-09T12:24:41","modified_gmt":"2023-10-09T17:24:41","slug":"relacion-entre-china-y-eu-definira-el-destino-de-la-humanidad-xi-jinping","status":"publish","type":"post","link":"https:\/\/nvnoticias.mx\/index.php\/2023\/10\/09\/relacion-entre-china-y-eu-definira-el-destino-de-la-humanidad-xi-jinping\/","title":{"rendered":"Relaci\u00f3n entre China y EU definir\u00e1 el destino de la humanidad: Xi Jinping"},"content":{"rendered":"\n<p>El presidente chino,\u00a0<strong>Xi Jinping<\/strong>, se reuni\u00f3 hoy en\u00a0Beijing\u00a0con la\u00a0<strong>primera delegaci\u00f3n de senadores de Estados Unidos que visita China en cuatro a\u00f1os<\/strong>, ante los que afirm\u00f3 que la relaci\u00f3n entre Washington y Beijing &#8220;determinar\u00e1 el destino de la humanidad&#8221;.<\/p>\n\n\n\n<blockquote class=\"wp-block-quote is-layout-flow wp-block-quote-is-layout-flow\"><p>&#8220;La forma en que China y Estados Unidos se lleven entre s\u00ed y afronten un mundo de cambios y agitaci\u00f3n determinar\u00e1 el futuro y el destino de la humanidad&#8221;, dijo&nbsp;<strong>Xi&nbsp;<\/strong>durante la reuni\u00f3n con la delegaci\u00f3n, encabezada por el l\u00edder de la mayor\u00eda dem\u00f3crata en la C\u00e1mara estadunidense,&nbsp;<strong>Chuck Schumer<\/strong>.<\/p><\/blockquote>\n\n\n\n<p><\/p>\n\n\n\n<p>Xi agreg\u00f3 que EU y China tienen &#8220;mil razones para mejorar sus relaciones&#8221; y &#8220;ninguna para hacer que se desmoronen&#8221;.<\/p>\n\n\n\n<blockquote class=\"wp-block-quote is-layout-flow wp-block-quote-is-layout-flow\"><p>&#8220;Lo he dicho mil veces, a varios presidentes. Esta es la relaci\u00f3n bilateral m\u00e1s importante del mundo y la competici\u00f3n o la confrontaci\u00f3n no van a resolver nuestros respectivos problemas ni los del mundo&#8221;, agreg\u00f3 Xi, seg\u00fan recoge la Canciller\u00eda china en un comunicado.<\/p><\/blockquote>\n\n\n\n<p>El mandatario asegur\u00f3 que el desarrollo de ambos pa\u00edses supone &#8220;oportunidades para la otra parte y no un desaf\u00edo&#8221;.<\/p>\n\n\n\n<blockquote class=\"wp-block-quote is-layout-flow wp-block-quote-is-layout-flow\"><p>&#8220;Nuestras econom\u00edas est\u00e1n profundamente integradas y podemos beneficiarnos de nuestro respectivo desarrollo. En este momento de recuperaci\u00f3n tras la pandemia, de cambio clim\u00e1tico, de conflictos a nivel mundial, debemos coordinarnos, cooperar&#8221;, afirm\u00f3.<\/p><\/blockquote>\n\n\n\n<p>Xi indic\u00f3 que Washington debe tener &#8220;visi\u00f3n&#8221; y &#8220;respetar a China&#8221;, adem\u00e1s de &#8220;buscar una cooperaci\u00f3n beneficiosa&#8221;.<\/p>\n\n\n\n<p>Por su parte,&nbsp;<strong>Schumer&nbsp;<\/strong>asegur\u00f3, seg\u00fan el comunicado de la Canciller\u00eda china, que Washington y Beijing &#8220;dar\u00e1n forma&#8221; a este siglo y que por ello ambos pa\u00edses deben &#8220;gestionar su relaci\u00f3n de forma responsable y respetuosa&#8221;.<\/p>\n\n\n\n<blockquote class=\"wp-block-quote is-layout-flow wp-block-quote-is-layout-flow\"><p>&#8220;El desarrollo y la prosperidad de China beneficia a la gente de Estados Unidos. No buscamos un conflicto con China ni buscamos desacoplarnos de China. Queremos fortalecer el di\u00e1logo y la comunicaci\u00f3n desde un esp\u00edritu de apertura, franqueza y respeto mutuo&#8221;, afirm\u00f3 el senador estadunidense.<\/p><\/blockquote>\n\n\n\n<p><strong>Schumer<\/strong>&nbsp;se reuni\u00f3 hoy tambi\u00e9n con el ministro de Exteriores chino,&nbsp;<strong>Wang Yi<\/strong>, quien consider\u00f3 que Estados Unidos y China deben gestionar sus diferencias &#8220;de manera m\u00e1s racional&#8221;.<\/p>\n\n\n\n<blockquote class=\"wp-block-quote is-layout-flow wp-block-quote-is-layout-flow\"><p>&#8220;La crisis en Ucrania a\u00fan no ha disminuido y la guerra ha resurgido en el Medio Oriente&#8221;, coment\u00f3&nbsp;<strong>Wang&nbsp;<\/strong>en el encuentro.<\/p><\/blockquote>\n\n\n\n<p>Fuente: <a href=\"https:\/\/www.milenio.com\/internacional\/xi-jinping-relacion-china-eu-definira-futuro-humanidad\" data-type=\"URL\" data-id=\"https:\/\/www.milenio.com\/internacional\/xi-jinping-relacion-china-eu-definira-futuro-humanidad\">Milenio<\/a><\/p>\n","protected":false},"excerpt":{"rendered":"<p>El presidente chino,\u00a0Xi Jinping, se reuni\u00f3 hoy en\u00a0Beijing\u00a0con la\u00a0primera delegaci\u00f3n de senadores de Estados Unidos que visita China en cuatro a\u00f1os, ante los que afirm\u00f3 que la relaci\u00f3n entre Washington y Beijing &#8220;determinar\u00e1 el destino de la humanidad&#8221;. &#8220;La forma en que China y Estados Unidos se lleven entre s\u00ed y afronten un mundo de [&hellip;]<\/p>\n","protected":false},"author":35,"featured_media":90682,"comment_status":"open","ping_status":"open","sticky":false,"template":"","format":"standard","meta":{"_monsterinsights_skip_tracking":false,"_monsterinsights_sitenote_active":false,"_monsterinsights_sitenote_note":"","_monsterinsights_sitenote_category":0,"footnotes":""},"categories":[181],"tags":[185,21275,183,7446,186],"class_list":["post-124256","post","type-post","status-publish","format-standard","has-post-thumbnail","hentry","category-internacional","tag-china","tag-definira","tag-estados-unidos","tag-relacion","tag-xi-jinping","wp-image-borders"],"amp_enabled":true,"_links":{"self":[{"href":"https:\/\/nvnoticias.mx\/index.php\/wp-json\/wp\/v2\/posts\/124256","targetHints":{"allow":["GET"]}}],"collection":[{"href":"https:\/\/nvnoticias.mx\/index.php\/wp-json\/wp\/v2\/posts"}],"about":[{"href":"https:\/\/nvnoticias.mx\/index.php\/wp-json\/wp\/v2\/types\/post"}],"author":[{"embeddable":true,"href":"https:\/\/nvnoticias.mx\/index.php\/wp-json\/wp\/v2\/users\/35"}],"replies":[{"embeddable":true,"href":"https:\/\/nvnoticias.mx\/index.php\/wp-json\/wp\/v2\/comments?post=124256"}],"version-history":[{"count":3,"href":"https:\/\/nvnoticias.mx\/index.php\/wp-json\/wp\/v2\/posts\/124256\/revisions"}],"predecessor-version":[{"id":124259,"href":"https:\/\/nvnoticias.mx\/index.php\/wp-json\/wp\/v2\/posts\/124256\/revisions\/124259"}],"wp:featuredmedia":[{"embeddable":true,"href":"https:\/\/nvnoticias.mx\/index.php\/wp-json\/wp\/v2\/media\/90682"}],"wp:attachment":[{"href":"https:\/\/nvnoticias.mx\/index.php\/wp-json\/wp\/v2\/media?parent=124256"}],"wp:term":[{"taxonomy":"category","embeddable":true,"href":"https:\/\/nvnoticias.mx\/index.php\/wp-json\/wp\/v2\/categories?post=124256"},{"taxonomy":"post_tag","embeddable":true,"href":"https:\/\/nvnoticias.mx\/index.php\/wp-json\/wp\/v2\/tags?post=124256"}],"curies":[{"name":"wp","href":"https:\/\/api.w.org\/{rel}","templated":true}]}}