{"id":124169,"date":"2023-10-08T13:42:35","date_gmt":"2023-10-08T18:42:35","guid":{"rendered":"https:\/\/nvnoticias.mx\/?p=124169"},"modified":"2023-10-08T13:42:36","modified_gmt":"2023-10-08T18:42:36","slug":"defiende-evo-morales-a-palestina","status":"publish","type":"post","link":"https:\/\/nvnoticias.mx\/index.php\/2023\/10\/08\/defiende-evo-morales-a-palestina\/","title":{"rendered":"Defiende Evo Morales a Palestina"},"content":{"rendered":"\n<p>El expresidente boliviano Evo Morales (2006-2019) expres\u00f3 este domingo su solidaridad con Palestina dentro del conflicto con Israel y calific\u00f3 de &#8220;parcializado&#8221; el comunicado del Gobierno de Luis Arce por no asumir la misma posici\u00f3n.<\/p>\n\n\n\n<p>En un programa en la radio cocalera Kawsachun Coca, Morales sostuvo que la pol\u00edtica de la &#8220;revoluci\u00f3n democr\u00e1tica y cultural&#8221; promovida por el gubernamental Movimiento al Socialismo (MAS) &#8220;es de defensa a Palestina&#8221;.<\/p>\n\n\n\n<blockquote class=\"wp-block-quote is-layout-flow wp-block-quote-is-layout-flow\"><p>&#8220;La Canciller\u00eda (boliviana) sac\u00f3 una nota, pero parcializada&#8221;, cuestion\u00f3 el tambi\u00e9n presidente del MAS y afirm\u00f3 que el comunicado es una muestra m\u00e1s &#8220;de la derechizaci\u00f3n del Gobierno&#8221; de Arce, quien fue su ministro de Econom\u00eda.<\/p><\/blockquote>\n\n\n\n<p>Para Morales, &#8220;Israel es el par de Estados Unidos, intervencionista, expansionista&#8221;, por lo que consider\u00f3 que &#8220;defender eso es inaceptable&#8221;.<\/p>\n\n\n\n<blockquote class=\"wp-block-quote is-layout-flow wp-block-quote-is-layout-flow\"><p>&#8220;Nuestra solidaridad, nuestro repudio y condena a esa clase de intervenci\u00f3n y de declarar la guerra al pueblo palestino&#8221;, manifest\u00f3.<\/p><\/blockquote>\n\n\n\n<p>El exgobernante, que est\u00e1 distanciado del presidente Arce, insisti\u00f3 en que &#8220;no es posible que un Gobierno de la revoluci\u00f3n democr\u00e1tica y cultural emita un documento parcializado&#8221; en el que &#8220;no hay una defensa a Palestina&#8221;.<\/p>\n\n\n\n<figure class=\"wp-block-embed is-type-rich is-provider-twitter wp-block-embed-twitter\"><div class=\"wp-block-embed__wrapper\">\n<blockquote class=\"twitter-tweet\" data-width=\"550\" data-dnt=\"true\"><p lang=\"es\" dir=\"ltr\">Lamentamos que el comunicado de la Canciller\u00eda boliviana no denuncie con coherencia pol\u00edtica la verdadera situaci\u00f3n que atraviesa el pueblo palestino.<br><br>Desde Bolivia condenamos las acciones imperialistas y coloniales del gobierno sionista israel\u00ed.<br><br>La solidaridad entre los\u2026 <a href=\"https:\/\/t.co\/Ox1joszYaB\">pic.twitter.com\/Ox1joszYaB<\/a><\/p>&mdash; Evo Morales Ayma (@evoespueblo) <a href=\"https:\/\/twitter.com\/evoespueblo\/status\/1710717502152421472?ref_src=twsrc%5Etfw\">October 7, 2023<\/a><\/blockquote><script async src=\"https:\/\/platform.twitter.com\/widgets.js\" charset=\"utf-8\"><\/script>\n<\/div><\/figure>\n\n\n\n<h3 class=\"wp-block-heading\">Morales rompe relaciones con Israel en solidaridad con Palestina<\/h3>\n\n\n\n<p>Durante su Gobierno, Morales decidi\u00f3 en 2009 romper relaciones diplom\u00e1ticas con Israel en solidaridad con Palestina al argumentar que se cometieron &#8220;cr\u00edmenes de lesa humanidad&#8221; en Gaza en ese periodo.<\/p>\n\n\n\n<p>Tambi\u00e9n dispuso en 2014 la exigencia de visado a los ciudadanos de Israel para entrar a Bolivia, tras considerar que ese pa\u00eds es un &#8220;Estado terrorista&#8221; por sus ataques en Gaza.<\/p>\n\n\n\n<p>En el comunicado criticado por el expresidente, la Canciller\u00eda boliviana expres\u00f3 en la v\u00edspera su &#8220;profunda preocupaci\u00f3n ante los eventos violentos ocurridos en la franja de Gaza entre Israel y Palestina&#8221;.<\/p>\n\n\n\n<p>Tambi\u00e9n hizo un &#8220;llamado urgente a la paz&#8221; y lament\u00f3 la &#8220;inacci\u00f3n de las Naciones Unidas y el Consejo de Seguridad&#8221; ante lo acontecido.<\/p>\n\n\n\n<p>Israel declar\u00f3 este s\u00e1bado el estado guerra despu\u00e9s de que milicias palestinas de la Franja de Gaza, lideradas por el grupo islamista Ham\u00e1s, lanzaran una operaci\u00f3n combinada con el lanzamiento de cohetes y la infiltraci\u00f3n en territorio israel\u00ed, en un\u00a0ataque sorpresa y sin precedentes.<\/p>\n\n\n\n<p>Seg\u00fan los \u00faltimos recuentos oficiales, los ataques de las milicias de Gaza a Israel han causado ya m\u00e1s de 600 fallecidos, mientras que en la Franja hay 370 palestinos muertos, debido a los bombardeos lanzados por el Ej\u00e9rcito israel\u00ed como represalia.<\/p>\n\n\n\n<p>Fuente: <a href=\"https:\/\/www.eluniversal.com.mx\/mundo\/evo-morales-defiende-a-palestina-y-tilda-de-parcializada-la-reaccion-del-gobierno-boliviano\/\">El Universal<\/a><\/p>\n","protected":false},"excerpt":{"rendered":"<p>El expresidente boliviano Evo Morales (2006-2019) expres\u00f3 este domingo su solidaridad con Palestina dentro del conflicto con Israel y calific\u00f3 de &#8220;parcializado&#8221; el comunicado del Gobierno de Luis Arce por no asumir la misma posici\u00f3n. En un programa en la radio cocalera Kawsachun Coca, Morales sostuvo que la pol\u00edtica de la &#8220;revoluci\u00f3n democr\u00e1tica y cultural&#8221; [&hellip;]<\/p>\n","protected":false},"author":6,"featured_media":124170,"comment_status":"open","ping_status":"open","sticky":false,"template":"","format":"standard","meta":{"_monsterinsights_skip_tracking":false,"_monsterinsights_sitenote_active":false,"_monsterinsights_sitenote_note":"","_monsterinsights_sitenote_category":0,"footnotes":""},"categories":[181],"tags":[6752,11061],"class_list":["post-124169","post","type-post","status-publish","format-standard","has-post-thumbnail","hentry","category-internacional","tag-evo-morales","tag-palestina","wp-image-borders"],"amp_enabled":true,"_links":{"self":[{"href":"https:\/\/nvnoticias.mx\/index.php\/wp-json\/wp\/v2\/posts\/124169","targetHints":{"allow":["GET"]}}],"collection":[{"href":"https:\/\/nvnoticias.mx\/index.php\/wp-json\/wp\/v2\/posts"}],"about":[{"href":"https:\/\/nvnoticias.mx\/index.php\/wp-json\/wp\/v2\/types\/post"}],"author":[{"embeddable":true,"href":"https:\/\/nvnoticias.mx\/index.php\/wp-json\/wp\/v2\/users\/6"}],"replies":[{"embeddable":true,"href":"https:\/\/nvnoticias.mx\/index.php\/wp-json\/wp\/v2\/comments?post=124169"}],"version-history":[{"count":1,"href":"https:\/\/nvnoticias.mx\/index.php\/wp-json\/wp\/v2\/posts\/124169\/revisions"}],"predecessor-version":[{"id":124171,"href":"https:\/\/nvnoticias.mx\/index.php\/wp-json\/wp\/v2\/posts\/124169\/revisions\/124171"}],"wp:featuredmedia":[{"embeddable":true,"href":"https:\/\/nvnoticias.mx\/index.php\/wp-json\/wp\/v2\/media\/124170"}],"wp:attachment":[{"href":"https:\/\/nvnoticias.mx\/index.php\/wp-json\/wp\/v2\/media?parent=124169"}],"wp:term":[{"taxonomy":"category","embeddable":true,"href":"https:\/\/nvnoticias.mx\/index.php\/wp-json\/wp\/v2\/categories?post=124169"},{"taxonomy":"post_tag","embeddable":true,"href":"https:\/\/nvnoticias.mx\/index.php\/wp-json\/wp\/v2\/tags?post=124169"}],"curies":[{"name":"wp","href":"https:\/\/api.w.org\/{rel}","templated":true}]}}