{"id":123935,"date":"2023-10-06T12:35:02","date_gmt":"2023-10-06T17:35:02","guid":{"rendered":"https:\/\/nvnoticias.mx\/?p=123935"},"modified":"2023-10-06T12:35:03","modified_gmt":"2023-10-06T17:35:03","slug":"premian-a-narges-mohammadi-en-nobel-por-defender-los-derechos-de-las-mujeres-en-iran","status":"publish","type":"post","link":"https:\/\/nvnoticias.mx\/index.php\/2023\/10\/06\/premian-a-narges-mohammadi-en-nobel-por-defender-los-derechos-de-las-mujeres-en-iran\/","title":{"rendered":"Premian a Narges Mohammadi en Nobel por defender los derechos de las mujeres en Ir\u00e1n"},"content":{"rendered":"\n<p>La activista y periodista iran\u00ed&nbsp;<strong>Narges Mohammadi&nbsp;<\/strong>recibir\u00e1 el&nbsp;Premio Nobel de la Paz 2023&nbsp;por su&nbsp;<strong>lucha por los derechos<\/strong>&nbsp;de las&nbsp;mujeres en Ir\u00e1n, anunci\u00f3 este viernes el Comit\u00e9 Nobel noruego, con sede en Oslo.<\/p>\n\n\n\n<p>El galard\u00f3n recompensa a Mohammadi, que&nbsp;<strong>est\u00e1 en prisi\u00f3n en su pa\u00eds<\/strong>, \u201cpor su lucha contra la opresi\u00f3n de las mujeres en Ir\u00e1n y su lucha para promover los derechos humanos y la libertad para todos\u201d.<\/p>\n\n\n\n<p>El comit\u00e9 noruego declar\u00f3 que el premio \u201ctambi\u00e9n reconoce a los cientos de miles de personas que se han manifestado contra las pol\u00edticas de discriminaci\u00f3n y opresi\u00f3n del r\u00e9gimen teocr\u00e1tico contra las mujeres\u201d.<\/p>\n\n\n\n<p>La \u201cvaliente lucha\u201d de Mohammadi, continu\u00f3 el comit\u00e9, \u201cha tenido&nbsp;<strong>enormes costos personales<\/strong>. El r\u00e9gimen iran\u00ed la arrest\u00f3&nbsp;<strong>13 veces<\/strong>, la conden\u00f3 cinco veces y la conden\u00f3 a un total de&nbsp;<strong>31 a\u00f1os de prisi\u00f3n y 154 latigazos<\/strong>. Mohammadi sigue en prisi\u00f3n\u201d.<\/p>\n\n\n\n<p><strong>Mohammadi, que est\u00e1 cumpliendo una condena de 16 a\u00f1os de c\u00e1rcel en Evin<\/strong>, recibi\u00f3 este a\u00f1o el premio Guillermo Cano a la Libertad de Prensa de la Unesco y en 2022 gan\u00f3 el Premio al Valor de Reporteros sin Fronteras (RSF).<\/p>\n\n\n\n<p>Mohammadi, que ha trabajado durante a\u00f1os para diversas publicaciones, es tambi\u00e9n vicedirectora de la ONG Centro de Defensores de los Derechos Humanos en Teher\u00e1n.<\/p>\n\n\n\n<p>Fuente: <a href=\"https:\/\/www.elfinanciero.com.mx\/mundo\/2023\/10\/06\/nobel-de-la-paz-2023-permian-a-narges-mohammadi-por-defender-los-derechos-de-las-mujeres-en-iran\/\" data-type=\"URL\" data-id=\"https:\/\/www.elfinanciero.com.mx\/mundo\/2023\/10\/06\/nobel-de-la-paz-2023-permian-a-narges-mohammadi-por-defender-los-derechos-de-las-mujeres-en-iran\/\">El Financiero<\/a> <\/p>\n","protected":false},"excerpt":{"rendered":"<p>La activista y periodista iran\u00ed&nbsp;Narges Mohammadi&nbsp;recibir\u00e1 el&nbsp;Premio Nobel de la Paz 2023&nbsp;por su&nbsp;lucha por los derechos&nbsp;de las&nbsp;mujeres en Ir\u00e1n, anunci\u00f3 este viernes el Comit\u00e9 Nobel noruego, con sede en Oslo. El galard\u00f3n recompensa a Mohammadi, que&nbsp;est\u00e1 en prisi\u00f3n en su pa\u00eds, \u201cpor su lucha contra la opresi\u00f3n de las mujeres en Ir\u00e1n y su lucha [&hellip;]<\/p>\n","protected":false},"author":35,"featured_media":123939,"comment_status":"open","ping_status":"open","sticky":false,"template":"","format":"standard","meta":{"_monsterinsights_skip_tracking":false,"_monsterinsights_sitenote_active":false,"_monsterinsights_sitenote_note":"","_monsterinsights_sitenote_category":0,"footnotes":""},"categories":[181],"tags":[27681,20048,6436],"class_list":["post-123935","post","type-post","status-publish","format-standard","has-post-thumbnail","hentry","category-internacional","tag-narges-mohammadi","tag-premian","tag-premio-nobel-de-la-paz","wp-image-borders"],"amp_enabled":true,"_links":{"self":[{"href":"https:\/\/nvnoticias.mx\/index.php\/wp-json\/wp\/v2\/posts\/123935","targetHints":{"allow":["GET"]}}],"collection":[{"href":"https:\/\/nvnoticias.mx\/index.php\/wp-json\/wp\/v2\/posts"}],"about":[{"href":"https:\/\/nvnoticias.mx\/index.php\/wp-json\/wp\/v2\/types\/post"}],"author":[{"embeddable":true,"href":"https:\/\/nvnoticias.mx\/index.php\/wp-json\/wp\/v2\/users\/35"}],"replies":[{"embeddable":true,"href":"https:\/\/nvnoticias.mx\/index.php\/wp-json\/wp\/v2\/comments?post=123935"}],"version-history":[{"count":3,"href":"https:\/\/nvnoticias.mx\/index.php\/wp-json\/wp\/v2\/posts\/123935\/revisions"}],"predecessor-version":[{"id":123942,"href":"https:\/\/nvnoticias.mx\/index.php\/wp-json\/wp\/v2\/posts\/123935\/revisions\/123942"}],"wp:featuredmedia":[{"embeddable":true,"href":"https:\/\/nvnoticias.mx\/index.php\/wp-json\/wp\/v2\/media\/123939"}],"wp:attachment":[{"href":"https:\/\/nvnoticias.mx\/index.php\/wp-json\/wp\/v2\/media?parent=123935"}],"wp:term":[{"taxonomy":"category","embeddable":true,"href":"https:\/\/nvnoticias.mx\/index.php\/wp-json\/wp\/v2\/categories?post=123935"},{"taxonomy":"post_tag","embeddable":true,"href":"https:\/\/nvnoticias.mx\/index.php\/wp-json\/wp\/v2\/tags?post=123935"}],"curies":[{"name":"wp","href":"https:\/\/api.w.org\/{rel}","templated":true}]}}