{"id":123851,"date":"2023-10-05T17:17:38","date_gmt":"2023-10-05T22:17:38","guid":{"rendered":"https:\/\/nvnoticias.mx\/?p=123851"},"modified":"2023-10-05T17:17:40","modified_gmt":"2023-10-05T22:17:40","slug":"comparece-fiscal-uriel-carmona-ante-congreso-de-morelos","status":"publish","type":"post","link":"https:\/\/nvnoticias.mx\/index.php\/2023\/10\/05\/comparece-fiscal-uriel-carmona-ante-congreso-de-morelos\/","title":{"rendered":"Comparece fiscal Uriel Carmona ante Congreso de Morelos"},"content":{"rendered":"\n<p>El fiscal de Morelos, Uriel Carmona G\u00e1ndara, compareci\u00f3 ante las y los diputados del Congreso del estado este jueves, a casi dos semanas de que sali\u00f3 el penal del Altiplano.<\/p>\n\n\n\n<p>El funcionario rindi\u00f3 su d\u00e9cimo primer informe semestral ante los integrantes de la LV Legislatura, quienes podr\u00edan cuestionarlo sobre casos relacionados con la procuraci\u00f3n de justicia.<\/p>\n\n\n\n<p>Ayer, el vicefiscal encargado de despacho de la Fiscal\u00eda Especializada en Combate a la Corrupci\u00f3n, Edgar N\u00fa\u00f1ez Urquiza, dio a conocer que no existen nuevas denuncias en contra del titular de la Fiscal\u00eda Morelos.<\/p>\n\n\n\n<blockquote class=\"wp-block-quote is-layout-flow wp-block-quote-is-layout-flow\"><p>&#8220;Hab\u00eda unas carpetas que eran anteriores, las cuales seguiremos investigando conforme a derecho, como se ven\u00eda haciendo&#8221;, indic\u00f3 N\u00fa\u00f1ez Urquiza.<\/p><\/blockquote>\n\n\n\n<p>Fuente:<a href=\"https:\/\/www.milenio.com\/estados\/fiscal-uriel-carmona-comparece-ante-congreso-de-morelos\" data-type=\"URL\" data-id=\"https:\/\/www.milenio.com\/estados\/fiscal-uriel-carmona-comparece-ante-congreso-de-morelos\"> Milenio<\/a><\/p>\n","protected":false},"excerpt":{"rendered":"<p>El fiscal de Morelos, Uriel Carmona G\u00e1ndara, compareci\u00f3 ante las y los diputados del Congreso del estado este jueves, a casi dos semanas de que sali\u00f3 el penal del Altiplano. El funcionario rindi\u00f3 su d\u00e9cimo primer informe semestral ante los integrantes de la LV Legislatura, quienes podr\u00edan cuestionarlo sobre casos relacionados con la procuraci\u00f3n de [&hellip;]<\/p>\n","protected":false},"author":35,"featured_media":116036,"comment_status":"open","ping_status":"open","sticky":false,"template":"","format":"standard","meta":{"_monsterinsights_skip_tracking":false,"_monsterinsights_sitenote_active":false,"_monsterinsights_sitenote_note":"","_monsterinsights_sitenote_category":0,"footnotes":""},"categories":[158],"tags":[5825,27671,20885,26669],"class_list":["post-123851","post","type-post","status-publish","format-standard","has-post-thumbnail","hentry","category-politica","tag-comparece","tag-congreso-de-morelos","tag-fiscal-de-morelos","tag-uriel-carmona","wp-image-borders"],"amp_enabled":true,"_links":{"self":[{"href":"https:\/\/nvnoticias.mx\/index.php\/wp-json\/wp\/v2\/posts\/123851","targetHints":{"allow":["GET"]}}],"collection":[{"href":"https:\/\/nvnoticias.mx\/index.php\/wp-json\/wp\/v2\/posts"}],"about":[{"href":"https:\/\/nvnoticias.mx\/index.php\/wp-json\/wp\/v2\/types\/post"}],"author":[{"embeddable":true,"href":"https:\/\/nvnoticias.mx\/index.php\/wp-json\/wp\/v2\/users\/35"}],"replies":[{"embeddable":true,"href":"https:\/\/nvnoticias.mx\/index.php\/wp-json\/wp\/v2\/comments?post=123851"}],"version-history":[{"count":1,"href":"https:\/\/nvnoticias.mx\/index.php\/wp-json\/wp\/v2\/posts\/123851\/revisions"}],"predecessor-version":[{"id":123852,"href":"https:\/\/nvnoticias.mx\/index.php\/wp-json\/wp\/v2\/posts\/123851\/revisions\/123852"}],"wp:featuredmedia":[{"embeddable":true,"href":"https:\/\/nvnoticias.mx\/index.php\/wp-json\/wp\/v2\/media\/116036"}],"wp:attachment":[{"href":"https:\/\/nvnoticias.mx\/index.php\/wp-json\/wp\/v2\/media?parent=123851"}],"wp:term":[{"taxonomy":"category","embeddable":true,"href":"https:\/\/nvnoticias.mx\/index.php\/wp-json\/wp\/v2\/categories?post=123851"},{"taxonomy":"post_tag","embeddable":true,"href":"https:\/\/nvnoticias.mx\/index.php\/wp-json\/wp\/v2\/tags?post=123851"}],"curies":[{"name":"wp","href":"https:\/\/api.w.org\/{rel}","templated":true}]}}