{"id":123808,"date":"2023-10-05T13:48:45","date_gmt":"2023-10-05T18:48:45","guid":{"rendered":"https:\/\/nvnoticias.mx\/?p=123808"},"modified":"2023-10-05T13:48:46","modified_gmt":"2023-10-05T18:48:46","slug":"aparece-emma-coronel-en-revista-elle","status":"publish","type":"post","link":"https:\/\/nvnoticias.mx\/index.php\/2023\/10\/05\/aparece-emma-coronel-en-revista-elle\/","title":{"rendered":"Aparece Emma Coronel en revista Elle"},"content":{"rendered":"\n<p>Emma Coronel Aispuro, periodista y esposa de Joaqu\u00edn El Chapo Guzm\u00e1n, concedi\u00f3 una entrevista para Elle Magazine, la primera desde que sali\u00f3 de prisi\u00f3n.<\/p>\n\n\n\n<p>El art\u00edculo fue publicado bajo el nombre &#8220;Life as El Chapo\u2019s Wife: The real story of Emma Coronel Aispuro&#8221; y la autora es Emily Palmer.<\/p>\n\n\n\n<p>En el trabajo, Coronel habl\u00f3 sobre su vida con el narcotraficante, adem\u00e1s, cuenta con &#8220;im\u00e1genes exclusivas de su vida juntos y mis informes desde el interior del cartel de Sinaloa&#8221;, se\u00f1al\u00f3 Palmer mediante redes sociales.<\/p>\n\n\n\n<p>La esposa de El Chapo Guzm\u00e1n sali\u00f3 de prisi\u00f3n el 13 de septiembre de 2023, tras cumplir dos a\u00f1os y siete meses encarcelada. Cumpli\u00f3 los \u00faltimos meses de su condena en el Complejo Residencial de Reinserci\u00f3n de Long Beach, en California, en confinamiento comunitario.<\/p>\n\n\n\n<p>El art\u00edculo en la revista Elle relata el momento en que Emma Coronel fue registrada ante la Oficina del Sheriff de Alexandria en Virginia, as\u00ed como la detenci\u00f3n de su esposo y la relaci\u00f3n con su propio arresto.<\/p>\n\n\n\n<p>Mediante dos viajes a M\u00e9xico, Emily Palmer se dio a la tarea de conocer el lugar donde creci\u00f3 Emma Coronel: el pueblo de Canelas, Durango.<\/p>\n\n\n\n<p>Asimismo, explor\u00f3 los origines de su familia, pues su padre, In\u00e9s Coronel Barreras, y otros integrantes trabajaban para el C\u00e1rtel de Sinaloa en la Sierra Madre Occidental.<\/p>\n\n\n\n<p>La entrevista describe cuando Emma conoci\u00f3 a El Chapo, en 2006 durante un baile local. Desde entonces not\u00f3 que el hombre ten\u00eda un estilo de vida &#8220;llamativo y abundante, as\u00ed como su notoriedad entre los capos de la droga&#8221;, destac\u00f3 Palmer.<\/p>\n\n\n\n<p>Emma Coronel ofreci\u00f3 detalles de otros momentos clave en su vida, como las interacciones con Joaqu\u00edn Guzm\u00e1n cuando ella ten\u00eda 17 a\u00f1os, su boda con El Chapo, las cirug\u00edas est\u00e9ticas a las que se someti\u00f3 y cuando dio a luz a sus gemelas.<\/p>\n\n\n\n<p>Fuente: <a href=\"https:\/\/www.milenio.com\/policia\/emma-coronel-aparece-en-revista-elle\" data-type=\"URL\" data-id=\"https:\/\/www.milenio.com\/policia\/emma-coronel-aparece-en-revista-elle\">Milenio<\/a><\/p>\n","protected":false},"excerpt":{"rendered":"<p>Emma Coronel Aispuro, periodista y esposa de Joaqu\u00edn El Chapo Guzm\u00e1n, concedi\u00f3 una entrevista para Elle Magazine, la primera desde que sali\u00f3 de prisi\u00f3n. El art\u00edculo fue publicado bajo el nombre &#8220;Life as El Chapo\u2019s Wife: The real story of Emma Coronel Aispuro&#8221; y la autora es Emily Palmer. En el trabajo, Coronel habl\u00f3 sobre [&hellip;]<\/p>\n","protected":false},"author":35,"featured_media":15844,"comment_status":"open","ping_status":"open","sticky":false,"template":"","format":"standard","meta":{"_monsterinsights_skip_tracking":false,"_monsterinsights_sitenote_active":false,"_monsterinsights_sitenote_note":"","_monsterinsights_sitenote_category":0,"footnotes":""},"categories":[576],"tags":[2724,5717,1637],"class_list":["post-123808","post","type-post","status-publish","format-standard","has-post-thumbnail","hentry","category-ocio","tag-aparece","tag-elle","tag-emma-coronel","wp-image-borders"],"amp_enabled":true,"_links":{"self":[{"href":"https:\/\/nvnoticias.mx\/index.php\/wp-json\/wp\/v2\/posts\/123808","targetHints":{"allow":["GET"]}}],"collection":[{"href":"https:\/\/nvnoticias.mx\/index.php\/wp-json\/wp\/v2\/posts"}],"about":[{"href":"https:\/\/nvnoticias.mx\/index.php\/wp-json\/wp\/v2\/types\/post"}],"author":[{"embeddable":true,"href":"https:\/\/nvnoticias.mx\/index.php\/wp-json\/wp\/v2\/users\/35"}],"replies":[{"embeddable":true,"href":"https:\/\/nvnoticias.mx\/index.php\/wp-json\/wp\/v2\/comments?post=123808"}],"version-history":[{"count":1,"href":"https:\/\/nvnoticias.mx\/index.php\/wp-json\/wp\/v2\/posts\/123808\/revisions"}],"predecessor-version":[{"id":123809,"href":"https:\/\/nvnoticias.mx\/index.php\/wp-json\/wp\/v2\/posts\/123808\/revisions\/123809"}],"wp:featuredmedia":[{"embeddable":true,"href":"https:\/\/nvnoticias.mx\/index.php\/wp-json\/wp\/v2\/media\/15844"}],"wp:attachment":[{"href":"https:\/\/nvnoticias.mx\/index.php\/wp-json\/wp\/v2\/media?parent=123808"}],"wp:term":[{"taxonomy":"category","embeddable":true,"href":"https:\/\/nvnoticias.mx\/index.php\/wp-json\/wp\/v2\/categories?post=123808"},{"taxonomy":"post_tag","embeddable":true,"href":"https:\/\/nvnoticias.mx\/index.php\/wp-json\/wp\/v2\/tags?post=123808"}],"curies":[{"name":"wp","href":"https:\/\/api.w.org\/{rel}","templated":true}]}}