{"id":123784,"date":"2023-10-05T12:20:21","date_gmt":"2023-10-05T17:20:21","guid":{"rendered":"https:\/\/nvnoticias.mx\/?p=123784"},"modified":"2023-10-05T12:20:22","modified_gmt":"2023-10-05T17:20:22","slug":"exige-ine-que-violencia-no-empane-eleccion-de-2024","status":"publish","type":"post","link":"https:\/\/nvnoticias.mx\/index.php\/2023\/10\/05\/exige-ine-que-violencia-no-empane-eleccion-de-2024\/","title":{"rendered":"Exige INE que violencia no empa\u00f1e elecci\u00f3n de 2024"},"content":{"rendered":"\n<p>El Consejo General del Instituto Nacional Electoral emiti\u00f3 un posicionamiento en el que lament\u00f3 el asesinato de dos encuestadores de Morena y el secuestro de uno m\u00e1s, por lo que exigieron que la violencia no empa\u00f1e este proceso electoral 2023-2024, pues record\u00f3 que un Estado democr\u00e1tico es una responsabilidad compartida.<\/p>\n\n\n\n<p>La consejera presidenta del INE, Guadalupe Taddei ley\u00f3 un posicionamiento a nombre del Consejo General y a petici\u00f3n del consejero Uuc-kib Espadas sobre la violencia de la que fueron v\u00edctimas encuestadores de la empresa de Morena, quienes realizaban un levantamiento en Chiapas, como parte del proceso interno del partido para prepararse para la contienda electoral.<\/p>\n\n\n\n<blockquote class=\"wp-block-quote is-layout-flow wp-block-quote-is-layout-flow\"><p>\u201cA 28 d\u00edas de haber iniciado el proceso electoral se present\u00f3 un incidente por dem\u00e1s reprobable. Sea cual fuere la naturaleza de los hechos y sus circunstancias, este Consejo General lamenta profundamente la p\u00e9rdida de dos ciudadanos que al momento de su deceso formaban parte de uno de los partidos pol\u00edticos nacionales representados en esta mesa, son las y los ciudadanos los que dan seguimiento y constituyen la parte m\u00e1s grande del motor que hace posible el funcionamiento de nuestra democracia.<br><\/p><\/blockquote>\n\n\n\n<blockquote class=\"wp-block-quote is-layout-flow wp-block-quote-is-layout-flow\"><p>Este Consejo General hace un llamado a que la violencia en sus diferentes manifestaciones no empa\u00f1e este proceso electoral iniciado el 7 de septiembre de este mismo a\u00f1o\u201d.<br><\/p><\/blockquote>\n\n\n\n<p>Taddei record\u00f3 que el proceso electoral implica la participaci\u00f3n de muchas personas y destac\u00f3, que las estructuras que despliegan los partidos para alistarse para las elecciones, tambi\u00e9n forman parte de este periodo.<\/p>\n\n\n\n<p>Fuente:<em><a href=\"https:\/\/www.milenio.com\/politica\/elecciones\/ine-lamenta-asesinato-de-encuestadores-de-morena-exige-no-violencia\" data-type=\"URL\" data-id=\"https:\/\/www.milenio.com\/politica\/elecciones\/ine-lamenta-asesinato-de-encuestadores-de-morena-exige-no-violencia\"> Milenio<\/a><\/em><\/p>\n","protected":false},"excerpt":{"rendered":"<p>El Consejo General del Instituto Nacional Electoral emiti\u00f3 un posicionamiento en el que lament\u00f3 el asesinato de dos encuestadores de Morena y el secuestro de uno m\u00e1s, por lo que exigieron que la violencia no empa\u00f1e este proceso electoral 2023-2024, pues record\u00f3 que un Estado democr\u00e1tico es una responsabilidad compartida. La consejera presidenta del INE, [&hellip;]<\/p>\n","protected":false},"author":35,"featured_media":100313,"comment_status":"open","ping_status":"open","sticky":false,"template":"","format":"standard","meta":{"_monsterinsights_skip_tracking":false,"_monsterinsights_sitenote_active":false,"_monsterinsights_sitenote_note":"","_monsterinsights_sitenote_category":0,"footnotes":""},"categories":[158],"tags":[21499,11166,27654,203],"class_list":["post-123784","post","type-post","status-publish","format-standard","has-post-thumbnail","hentry","category-politica","tag-eleccion-2024","tag-exige","tag-no-empane","tag-violencia","wp-image-borders"],"amp_enabled":true,"_links":{"self":[{"href":"https:\/\/nvnoticias.mx\/index.php\/wp-json\/wp\/v2\/posts\/123784","targetHints":{"allow":["GET"]}}],"collection":[{"href":"https:\/\/nvnoticias.mx\/index.php\/wp-json\/wp\/v2\/posts"}],"about":[{"href":"https:\/\/nvnoticias.mx\/index.php\/wp-json\/wp\/v2\/types\/post"}],"author":[{"embeddable":true,"href":"https:\/\/nvnoticias.mx\/index.php\/wp-json\/wp\/v2\/users\/35"}],"replies":[{"embeddable":true,"href":"https:\/\/nvnoticias.mx\/index.php\/wp-json\/wp\/v2\/comments?post=123784"}],"version-history":[{"count":2,"href":"https:\/\/nvnoticias.mx\/index.php\/wp-json\/wp\/v2\/posts\/123784\/revisions"}],"predecessor-version":[{"id":123786,"href":"https:\/\/nvnoticias.mx\/index.php\/wp-json\/wp\/v2\/posts\/123784\/revisions\/123786"}],"wp:featuredmedia":[{"embeddable":true,"href":"https:\/\/nvnoticias.mx\/index.php\/wp-json\/wp\/v2\/media\/100313"}],"wp:attachment":[{"href":"https:\/\/nvnoticias.mx\/index.php\/wp-json\/wp\/v2\/media?parent=123784"}],"wp:term":[{"taxonomy":"category","embeddable":true,"href":"https:\/\/nvnoticias.mx\/index.php\/wp-json\/wp\/v2\/categories?post=123784"},{"taxonomy":"post_tag","embeddable":true,"href":"https:\/\/nvnoticias.mx\/index.php\/wp-json\/wp\/v2\/tags?post=123784"}],"curies":[{"name":"wp","href":"https:\/\/api.w.org\/{rel}","templated":true}]}}