{"id":123764,"date":"2023-10-05T10:49:36","date_gmt":"2023-10-05T15:49:36","guid":{"rendered":"https:\/\/nvnoticias.mx\/?p=123764"},"modified":"2023-10-05T10:49:38","modified_gmt":"2023-10-05T15:49:38","slug":"recorta-omc-en-mas-de-la-mitad-su-prevision-de-crecimiento-del-comercio-mundial-de-2023","status":"publish","type":"post","link":"https:\/\/nvnoticias.mx\/index.php\/2023\/10\/05\/recorta-omc-en-mas-de-la-mitad-su-prevision-de-crecimiento-del-comercio-mundial-de-2023\/","title":{"rendered":"Recorta OMC en m\u00e1s de la mitad su previsi\u00f3n de crecimiento del comercio mundial de 2023"},"content":{"rendered":"\n<p>La\u00a0Organizaci\u00f3n Mundial del Comercio\u00a0(<strong>OMC<\/strong>) prev\u00e9 que el\u00a0<strong>comercio mundial<\/strong>\u00a0de mercanc\u00edas\u00a0<strong>crecer\u00eda s\u00f3lo 0.8 por ciento este a\u00f1o en volumen<\/strong>, es decir, menos de la mitad de lo proyectado en abril de 1.7 por ciento; el organismo se muestra preocupado por las\u00a0<strong>tensiones geopol\u00edticas<\/strong>\u00a0y la\u00a0<strong>inflaci\u00f3n<\/strong>.<\/p>\n\n\n\n<blockquote class=\"wp-block-quote is-layout-flow wp-block-quote-is-layout-flow\"><p><strong>&#8220;La desaceleraci\u00f3n del comercio prevista para 2023 es preocupante<\/strong>, ya que tiene efectos desfavorables para el nivel de vida de la poblaci\u00f3n de todo el mundo&#8221;, advirti\u00f3 la directora general de la&nbsp;<strong>OMC, Ngozi Okonjo-Iweala<\/strong>, en un comunicado.<\/p><\/blockquote>\n\n\n\n<p>En su informe, la organizaci\u00f3n subraya que &#8220;el derrumbamiento continuo del comercio de mercanc\u00edas, que comenz\u00f3 en el cuatro trimestre de&nbsp;<strong>2022<\/strong>, condujo a los economistas de la&nbsp;<strong>OMC&nbsp;<\/strong>a revisar a la baja sus proyecciones comerciales para el a\u00f1o en curso, manteniendo al mismo tiempo una perspectiva m\u00e1s positiva para 2024&#8243;.<\/p>\n\n\n\n<h2 class=\"wp-block-heading\">Perspectiva para el comercio en 2024, m\u00e1s favorable<\/h2>\n\n\n\n<p>La&nbsp;<strong>OMC&nbsp;<\/strong>incluso revis\u00f3 levemente al alza sus proyecciones para 2024, considerando que el crecimiento del comercio deber\u00eda repuntar el pr\u00f3ximo a\u00f1o 3.3 por ciento, un ligero aumento respecto a su previsi\u00f3n anterior, de 3.2 por ciento.&nbsp;<\/p>\n\n\n\n<p>En cuanto al&nbsp;<strong>PIB&nbsp;<\/strong>real, la organizaci\u00f3n prev\u00e9 un crecimiento estable de 2.5 por ciento.<\/p>\n\n\n\n<blockquote class=\"wp-block-quote is-layout-flow wp-block-quote-is-layout-flow\"><p>&#8220;El crecimiento positivo del volumen de las&nbsp;<strong>exportaciones&nbsp;<\/strong>y las&nbsp;<strong>importaciones&nbsp;<\/strong>deber\u00eda reanudarse en 2024, pero debemos permanecer alertas&#8221;, apunt\u00f3 no obstante el economista jefe de la OMC, Ralph Ossa, en un comunicado.<\/p><\/blockquote>\n\n\n\n<p>La desaceleraci\u00f3n del crecimiento del comercio de mercanc\u00edas parece ser general, incluyendo un gran n\u00famero de pa\u00edses y un amplio abanico de bienes, pese a que hay algunos sectores m\u00e1s golpeados, como el hierro, el acero, los equipos ofim\u00e1ticos y de telecomunicaciones, los textiles y la ropa.<\/p>\n\n\n\n<p>A\u00fan as\u00ed, la&nbsp;<strong>OMC&nbsp;<\/strong>contin\u00faa alertando del impacto negativo que podr\u00eda tener una escisi\u00f3n del comercio mundial en dos bloques geopol\u00edticos a ra\u00edz de la&nbsp;<strong>invasi\u00f3n rusa de Ucrania<\/strong>, con los aliados de&nbsp;<strong>Kiev&nbsp;<\/strong>por un lado y los de Rusia por otro.<\/p>\n\n\n\n<p>Advirtiendo del peligro de una &#8220;fragmentaci\u00f3n de la econom\u00eda mundial&#8221;, la directora general de la\u00a0<strong>OMC\u00a0<\/strong>pidi\u00f3 &#8220;fortalecer el entorno\u00a0comercial mundial\u00a0evitando el proteccionismo&#8221;.<\/p>\n\n\n\n<p>Fuente: <a href=\"https:\/\/www.milenio.com\/negocios\/omc-preve-una-fuerte-desaceleracion-del-comercio-global-en-2023\" data-type=\"URL\" data-id=\"https:\/\/www.milenio.com\/negocios\/omc-preve-una-fuerte-desaceleracion-del-comercio-global-en-2023\">Milenio<\/a><\/p>\n","protected":false},"excerpt":{"rendered":"<p>La\u00a0Organizaci\u00f3n Mundial del Comercio\u00a0(OMC) prev\u00e9 que el\u00a0comercio mundial\u00a0de mercanc\u00edas\u00a0crecer\u00eda s\u00f3lo 0.8 por ciento este a\u00f1o en volumen, es decir, menos de la mitad de lo proyectado en abril de 1.7 por ciento; el organismo se muestra preocupado por las\u00a0tensiones geopol\u00edticas\u00a0y la\u00a0inflaci\u00f3n. &#8220;La desaceleraci\u00f3n del comercio prevista para 2023 es preocupante, ya que tiene efectos desfavorables [&hellip;]<\/p>\n","protected":false},"author":35,"featured_media":19338,"comment_status":"open","ping_status":"open","sticky":false,"template":"","format":"standard","meta":{"_monsterinsights_skip_tracking":false,"_monsterinsights_sitenote_active":false,"_monsterinsights_sitenote_note":"","_monsterinsights_sitenote_category":0,"footnotes":""},"categories":[181],"tags":[27652,2699,11223,162,11197,11196],"class_list":["post-123764","post","type-post","status-publish","format-standard","has-post-thumbnail","hentry","category-internacional","tag-comercio-mundial","tag-crecimiento","tag-omc","tag-portada","tag-prevision","tag-recorta","wp-image-borders"],"amp_enabled":true,"_links":{"self":[{"href":"https:\/\/nvnoticias.mx\/index.php\/wp-json\/wp\/v2\/posts\/123764","targetHints":{"allow":["GET"]}}],"collection":[{"href":"https:\/\/nvnoticias.mx\/index.php\/wp-json\/wp\/v2\/posts"}],"about":[{"href":"https:\/\/nvnoticias.mx\/index.php\/wp-json\/wp\/v2\/types\/post"}],"author":[{"embeddable":true,"href":"https:\/\/nvnoticias.mx\/index.php\/wp-json\/wp\/v2\/users\/35"}],"replies":[{"embeddable":true,"href":"https:\/\/nvnoticias.mx\/index.php\/wp-json\/wp\/v2\/comments?post=123764"}],"version-history":[{"count":3,"href":"https:\/\/nvnoticias.mx\/index.php\/wp-json\/wp\/v2\/posts\/123764\/revisions"}],"predecessor-version":[{"id":123767,"href":"https:\/\/nvnoticias.mx\/index.php\/wp-json\/wp\/v2\/posts\/123764\/revisions\/123767"}],"wp:featuredmedia":[{"embeddable":true,"href":"https:\/\/nvnoticias.mx\/index.php\/wp-json\/wp\/v2\/media\/19338"}],"wp:attachment":[{"href":"https:\/\/nvnoticias.mx\/index.php\/wp-json\/wp\/v2\/media?parent=123764"}],"wp:term":[{"taxonomy":"category","embeddable":true,"href":"https:\/\/nvnoticias.mx\/index.php\/wp-json\/wp\/v2\/categories?post=123764"},{"taxonomy":"post_tag","embeddable":true,"href":"https:\/\/nvnoticias.mx\/index.php\/wp-json\/wp\/v2\/tags?post=123764"}],"curies":[{"name":"wp","href":"https:\/\/api.w.org\/{rel}","templated":true}]}}