{"id":123737,"date":"2023-10-04T17:45:36","date_gmt":"2023-10-04T22:45:36","guid":{"rendered":"https:\/\/nvnoticias.mx\/?p=123737"},"modified":"2023-10-04T17:45:37","modified_gmt":"2023-10-04T22:45:37","slug":"el-peligro-de-ser-joven-en-mexico","status":"publish","type":"post","link":"https:\/\/nvnoticias.mx\/index.php\/2023\/10\/04\/el-peligro-de-ser-joven-en-mexico\/","title":{"rendered":"El peligro de ser joven en M\u00e9xico"},"content":{"rendered":"\n<p><strong>Ricardo Homs<\/strong><\/p>\n\n\n\n<p>En M\u00e9xico hoy no hay poblaci\u00f3n con mayor riesgo, que los j\u00f3venes menores de 30 a\u00f1os. Hoy desaparecen hombres y mujeres de este perfil de edad ante la indiferencia de las autoridades. S\u00f3lo cuando un caso se vuelve medi\u00e1tico, es cuando las autoridades prestan atenci\u00f3n.<\/p>\n\n\n\n<p>El testimonio publicado por Aristegui Noticias, -rendido por la madre de Pablo-, un joven de 17 a\u00f1os que el 30 de marzo pasado sali\u00f3 a buscar trabajo en Tepic y desapareci\u00f3. S\u00f3lo hasta varios d\u00edas despu\u00e9s se comunic\u00f3 con su madre por WhatsApp, burlando a sus captores. Le inform\u00f3 que&nbsp;<strong>hab\u00eda sido reclutado por un c\u00e1rtel contra su voluntad y le ped\u00eda fuera a recogerlo a Zacatecas<\/strong>, pero fue imposible coordinarse con ella y se perdi\u00f3 la comunicaci\u00f3n.<\/p>\n\n\n\n<p>Desde entonces ella ha solicitado apoyo de las autoridades estatales y federales para localizarlo con vida y lo que ha encontrado es\u2026 \u00a1Indiferencia!<\/p>\n\n\n\n<p>Del mismo modo sucedi\u00f3 con los<strong>&nbsp;siete j\u00f3venes desaparecidos hace unos d\u00edas en Zacatecas,<\/strong>&nbsp;as\u00ed como los dos j\u00f3venes secuestrados en Motozintla, Chiapas, y encontrados torturados y asesinados por un c\u00e1rtel, cuando hab\u00edan salido\u2026 simplemente a vender un perrito a un posible cliente contactado por redes sociales.<\/p>\n\n\n\n<p>Y qu\u00e9 decir de los cinco&nbsp;<strong>j\u00f3venes desaparecidos en Lagos de Moreno<\/strong>, Jalisco, el 11 de agosto pasado. \u00bfY los ocho muchachos que trabajaban en un call center en Jalisco? Varios aparecieron en mayo pasado dentro de bolsas de pl\u00e1stico en Zapopan.<\/p>\n\n\n\n<p>El presidente quiere convencernos de que esto es normal, cuando la realidad es que son tragedias humanas inaceptables en un pa\u00eds que no est\u00e1 en un conflicto b\u00e9lico, sino viviendo una crisis de inseguridad provocada por la apat\u00eda gubernamental.<\/p>\n\n\n\n<p>El estudio publicado por Rafael Prieto Curiel en la revista Science, que despu\u00e9s de cruzar informaci\u00f3n dentro de plataformas de inteligencia artificial lleg\u00f3 a la conclusi\u00f3n de que la&nbsp;<strong>delincuencia organizada en M\u00e9xico&nbsp;<\/strong>tiene en su n\u00f3mina actualmente a 175 mil j\u00f3venes, de los cuales, un alto porcentaje de ellos no se integraron por propia voluntad, sino que fueron reclutados en un secuestro violento. Este estudio, -donde tambi\u00e9n particip\u00f3 el especialista en seguridad, -fallecido recientemente, Alejandro Hope-, hace \u00e9nfasis en la necesidad que tienen los c\u00e1rteles de reclutar 350 j\u00f3venes por semana, o sea, 1,400 por mes para sustituir a los fallecidos, encarcelados o inhabilitados. A final de cuentas nuestros j\u00f3venes son carne de ca\u00f1\u00f3n sustituible para la delincuencia organizada.<\/p>\n\n\n\n<p>Esto explica las desapariciones de varones, mientras las mujeres podr\u00edan estar siendo secuestradas como parte del negocio de servicios sexuales.<\/p>\n\n\n\n<p><strong>\u00bfCu\u00e1l es la respuesta del gobierno federal ante esta sensible tragedia humana que trunca vidas inocentes y convierte a nuestros j\u00f3venes en delincuentes?<\/strong>&#8230; Es la indiferencia. No existe un plan para resolver este grave problema.<\/p>\n\n\n\n<p>Nuestro presidente est\u00e1 muy ocupado en los asuntos electorales que tanto le apasionan y en confrontar a sus adversarios pol\u00edticos. Este es el aut\u00e9ntico rostro del \u201chumanismo mexicano\u201d.<\/p>\n\n\n\n<p><strong>\u00bfY el Ej\u00e9rcito?<\/strong>&#8230; pues construyendo las obras prioritarias del presidente.<\/p>\n\n\n\n<p><strong>\u00bfQui\u00e9n velar\u00e1 por nuestros j\u00f3venes y por su futuro?<\/strong><\/p>\n\n\n\n<p><strong>\u00bfDE QUIEN SON LOS CARGOS DE ELECCI\u00d3N POPULAR?<\/strong><\/p>\n\n\n\n<p>La salida de Ram\u00edrez Mar\u00edn de la bancada del PRI en el Senado de la Rep\u00fablica debe llevarnos a la reflexi\u00f3n\u2026&nbsp;<strong>\u00bfqui\u00e9n es el verdadero due\u00f1o del esca\u00f1o en el caso de los legisladores?<\/strong>\u2026 \u00bfpertenece a quien ocupa el cargo?&#8230;&nbsp;<strong>\u00bfo entonces\u2026 al partido que lo postul\u00f3?&nbsp;<\/strong>o&nbsp;<strong>\u00bfa los votantes que le dieron el triunfo?<\/strong><\/p>\n\n\n\n<p>Definitivamente la renuncia de legisladores que ocupando un cargo se pasan a la bancada de otro partido cometen una traici\u00f3n. Es un robo y adem\u00e1s, abuso de confianza.<\/p>\n\n\n\n<p>El electorado da un voto esperando que un legislador trabaje por los intereses y la visi\u00f3n de pa\u00eds en que \u00e9l (o ella ), cree. Irse como chapul\u00edn a otra bancada equivale a robarse una curul para ponerse al servicio de otros intereses. Ese oportunismo pol\u00edtico es un latrocinio.<\/p>\n\n\n\n<p>Quienes votaron por un legislador, -postulado por un partido-, dieron un voto de confianza a la persona, suponiendo que defender\u00e1 la plataforma ideol\u00f3gica del partido que representa.<\/p>\n\n\n\n<p>A los legisladores chapulines debemos exhibirlos.<\/p>\n\n\n\n<p>Si pretenden cambiar de partido, deben hacerlo cuando concluya su encomienda legislativa y con ello, su compromiso con los electores que le dieron su voto.<\/p>\n\n\n\n<p><strong>\u00bfA usted qu\u00e9 le parece?<\/strong><\/p>\n\n\n\n<p>Facebook: @Ricardo.Homs1<\/p>\n\n\n\n<p>Twitter: @homsricardo<\/p>\n\n\n\n<p>Linkedin: Ricardo Homs<\/p>\n\n\n\n<p><a href=\"http:\/\/www.ricardohoms.com\/\" target=\"_blank\" rel=\"noreferrer noopener\">www.ricardohoms.com<\/a><\/p>\n","protected":false},"excerpt":{"rendered":"<p>Ricardo Homs En M\u00e9xico hoy no hay poblaci\u00f3n con mayor riesgo, que los j\u00f3venes menores de 30 a\u00f1os. Hoy desaparecen hombres y mujeres de este perfil de edad ante la indiferencia de las autoridades. S\u00f3lo cuando un caso se vuelve medi\u00e1tico, es cuando las autoridades prestan atenci\u00f3n. El testimonio publicado por Aristegui Noticias, -rendido por [&hellip;]<\/p>\n","protected":false},"author":18,"featured_media":52998,"comment_status":"open","ping_status":"open","sticky":false,"template":"","format":"standard","meta":{"_monsterinsights_skip_tracking":false,"_monsterinsights_sitenote_active":false,"_monsterinsights_sitenote_note":"","_monsterinsights_sitenote_category":0,"footnotes":""},"categories":[246],"tags":[173],"class_list":["post-123737","post","type-post","status-publish","format-standard","has-post-thumbnail","hentry","category-ricardo-homs","tag-ricardo-homs","wp-image-borders"],"amp_enabled":true,"_links":{"self":[{"href":"https:\/\/nvnoticias.mx\/index.php\/wp-json\/wp\/v2\/posts\/123737","targetHints":{"allow":["GET"]}}],"collection":[{"href":"https:\/\/nvnoticias.mx\/index.php\/wp-json\/wp\/v2\/posts"}],"about":[{"href":"https:\/\/nvnoticias.mx\/index.php\/wp-json\/wp\/v2\/types\/post"}],"author":[{"embeddable":true,"href":"https:\/\/nvnoticias.mx\/index.php\/wp-json\/wp\/v2\/users\/18"}],"replies":[{"embeddable":true,"href":"https:\/\/nvnoticias.mx\/index.php\/wp-json\/wp\/v2\/comments?post=123737"}],"version-history":[{"count":1,"href":"https:\/\/nvnoticias.mx\/index.php\/wp-json\/wp\/v2\/posts\/123737\/revisions"}],"predecessor-version":[{"id":123738,"href":"https:\/\/nvnoticias.mx\/index.php\/wp-json\/wp\/v2\/posts\/123737\/revisions\/123738"}],"wp:featuredmedia":[{"embeddable":true,"href":"https:\/\/nvnoticias.mx\/index.php\/wp-json\/wp\/v2\/media\/52998"}],"wp:attachment":[{"href":"https:\/\/nvnoticias.mx\/index.php\/wp-json\/wp\/v2\/media?parent=123737"}],"wp:term":[{"taxonomy":"category","embeddable":true,"href":"https:\/\/nvnoticias.mx\/index.php\/wp-json\/wp\/v2\/categories?post=123737"},{"taxonomy":"post_tag","embeddable":true,"href":"https:\/\/nvnoticias.mx\/index.php\/wp-json\/wp\/v2\/tags?post=123737"}],"curies":[{"name":"wp","href":"https:\/\/api.w.org\/{rel}","templated":true}]}}