{"id":12370,"date":"2021-05-03T16:05:14","date_gmt":"2021-05-03T21:05:14","guid":{"rendered":"https:\/\/nvnoticias.mx\/?p=12370"},"modified":"2021-05-03T16:05:15","modified_gmt":"2021-05-03T21:05:15","slug":"habilitan-9-albergues-en-veracruz-para-la-temporada-de-lluvias","status":"publish","type":"post","link":"https:\/\/nvnoticias.mx\/index.php\/2021\/05\/03\/habilitan-9-albergues-en-veracruz-para-la-temporada-de-lluvias\/","title":{"rendered":"Habilitan 9 albergues en Veracruz para la temporada de lluvias"},"content":{"rendered":"\n<p>Ante la proximidad de la temporada de lluvias que inicia el 1 de junio, el Ayuntamiento de Veracruz, ha habilitado nueve refugios temporales en siete colonias, dijo el alcalde Fernando Yunes M\u00e1rquez con una capacidad para mil personas.<\/p>\n\n\n\n<blockquote class=\"wp-block-quote is-layout-flow wp-block-quote-is-layout-flow\"><p><em>\u201cEl albergue en Canal entre Pino Su\u00e1rez y Jim\u00e9nez en la colonia Centro, el auditorio del m\u00f3dulo del DIF de Ruiz Cortines, en la colonia Ruiz Cortines, el CAIC Lavaderos en la colonia L\u00f3pez \u00c1reas, el CADI Sixtita Bello en la colonia Centro\u201d.<\/em><\/p><\/blockquote>\n\n\n\n<p>Los otros cuatro albergues se distribuyen en las siguientes cuatro colonias.<\/p>\n\n\n\n<p>El CADI-CAIC Jos\u00e9 Guadalupe Zuno en la colonia Ruiz Cortines <\/p>\n\n\n\n<p>El CADI 21 de Abril en la colonia 21 de Abril.<\/p>\n\n\n\n<p>El CADI Reserva 1 en la colonia Reserva 1.<\/p>\n\n\n\n<p>El CADI Campanita en la colonia Amapolas 1. <\/p>\n\n\n\n<p>El CADI Mar\u00eda de Jes\u00fas Beltr\u00e1n en la colonia Formando Hogar.<\/p>\n\n\n\n<blockquote class=\"wp-block-quote is-layout-flow wp-block-quote-is-layout-flow\"><p><em>&#8220;Para mitigar inundaciones es muy importante que los cuerpos lagunares que hacen la funci\u00f3n de vasos reguladores est\u00e9n limpios, por eso en lo que va del 2021 se han limpiado las lagunas Siglo XXI y Patitos, lo que representa m\u00e1s de 19 kil\u00f3metros de limpieza perimetral&#8221;<\/em>, indic\u00f3.<\/p><\/blockquote>\n\n\n\n<p>Yunes M\u00e1rquez, enfatiz\u00f3 que las inundaciones son provocadas por la basura por lo que exhort\u00f3 a las personas a no tirar basura en las calles ni sacar las bolsas de desechos cuando no pasa el cami\u00f3n recolector.<\/p>\n\n\n\n<p>Fuente: XEU <\/p>\n","protected":false},"excerpt":{"rendered":"<p>Ante la proximidad de la temporada de lluvias que inicia el 1 de junio, el Ayuntamiento de Veracruz, ha habilitado nueve refugios temporales en siete colonias, dijo el alcalde Fernando Yunes M\u00e1rquez con una capacidad para mil personas. \u201cEl albergue en Canal entre Pino Su\u00e1rez y Jim\u00e9nez en la colonia Centro, el auditorio del m\u00f3dulo [&hellip;]<\/p>\n","protected":false},"author":6,"featured_media":12371,"comment_status":"open","ping_status":"open","sticky":false,"template":"","format":"standard","meta":{"_monsterinsights_skip_tracking":false,"_monsterinsights_sitenote_active":false,"_monsterinsights_sitenote_note":"","_monsterinsights_sitenote_category":0,"footnotes":""},"categories":[154],"tags":[2139,3403],"class_list":["post-12370","post","type-post","status-publish","format-standard","has-post-thumbnail","hentry","category-veracruz","tag-albergues","tag-temporada-de-lluvias","wp-image-borders"],"amp_enabled":true,"_links":{"self":[{"href":"https:\/\/nvnoticias.mx\/index.php\/wp-json\/wp\/v2\/posts\/12370","targetHints":{"allow":["GET"]}}],"collection":[{"href":"https:\/\/nvnoticias.mx\/index.php\/wp-json\/wp\/v2\/posts"}],"about":[{"href":"https:\/\/nvnoticias.mx\/index.php\/wp-json\/wp\/v2\/types\/post"}],"author":[{"embeddable":true,"href":"https:\/\/nvnoticias.mx\/index.php\/wp-json\/wp\/v2\/users\/6"}],"replies":[{"embeddable":true,"href":"https:\/\/nvnoticias.mx\/index.php\/wp-json\/wp\/v2\/comments?post=12370"}],"version-history":[{"count":1,"href":"https:\/\/nvnoticias.mx\/index.php\/wp-json\/wp\/v2\/posts\/12370\/revisions"}],"predecessor-version":[{"id":12372,"href":"https:\/\/nvnoticias.mx\/index.php\/wp-json\/wp\/v2\/posts\/12370\/revisions\/12372"}],"wp:featuredmedia":[{"embeddable":true,"href":"https:\/\/nvnoticias.mx\/index.php\/wp-json\/wp\/v2\/media\/12371"}],"wp:attachment":[{"href":"https:\/\/nvnoticias.mx\/index.php\/wp-json\/wp\/v2\/media?parent=12370"}],"wp:term":[{"taxonomy":"category","embeddable":true,"href":"https:\/\/nvnoticias.mx\/index.php\/wp-json\/wp\/v2\/categories?post=12370"},{"taxonomy":"post_tag","embeddable":true,"href":"https:\/\/nvnoticias.mx\/index.php\/wp-json\/wp\/v2\/tags?post=12370"}],"curies":[{"name":"wp","href":"https:\/\/api.w.org\/{rel}","templated":true}]}}