{"id":123679,"date":"2023-10-04T13:51:12","date_gmt":"2023-10-04T18:51:12","guid":{"rendered":"https:\/\/nvnoticias.mx\/?p=123679"},"modified":"2023-10-04T13:51:14","modified_gmt":"2023-10-04T18:51:14","slug":"salma-hayek-y-camila-cabello-ensenan-como-comer-tacos-correctamente","status":"publish","type":"post","link":"https:\/\/nvnoticias.mx\/index.php\/2023\/10\/04\/salma-hayek-y-camila-cabello-ensenan-como-comer-tacos-correctamente\/","title":{"rendered":"Salma Hayek y Camila Cabello ense\u00f1an c\u00f3mo comer tacos correctamente"},"content":{"rendered":"\n<p><strong>Salma Hayek y Camila Cabello&nbsp;<\/strong>sorprendieron a sus millones de seguidores a<strong>l aparecer juntas de forma inesperada<\/strong>&nbsp;en un video. Fue la actriz mexicana la que comparti\u00f3 el clip en su cuenta de&nbsp;<strong>Instagram,&nbsp;<\/strong>en el que adem\u00e1s de dejar&nbsp;ver que tienen&nbsp;una buena relaci\u00f3n, tambi\u00e9n mostr\u00f3 que estaban celebrando e<strong>l D\u00eda Nacional del Taco en Londres, Inglaterra.&nbsp;<\/strong>Como era de esperarse, ambas celebridades comieron este platillo muy mexicano y antojaron a sus admiradores, quienes les escribieron muchos mensajes.&nbsp;<\/p>\n\n\n\n<p>El 3 de octubre&nbsp;<strong>se estableci\u00f3 en Londres&nbsp;el&nbsp;D\u00eda Nacional del Taco<\/strong>,&nbsp;por lo que muchos establecimientos incluyen ente platillo en sus men\u00fas, mientras que otros hacen descuentos. Asimismo, varias&nbsp;<strong>celebridades lo festejan comiendo el t\u00edpico platillo,<\/strong>&nbsp;por lo que personalidades como<strong>&nbsp;Salma y Camila<\/strong>, no se pod\u00edan quedar atr\u00e1s, pues ambas tienen ra\u00edces mexicanas, de las cuales est\u00e1n muy orgullosas por lo que nunca paran de presumirla.&nbsp;<\/p>\n\n\n\n<figure class=\"wp-block-image size-large\"><img loading=\"lazy\" decoding=\"async\" width=\"768\" height=\"634\" src=\"https:\/\/nvnoticias.mx\/wp-content\/uploads\/2023\/10\/image-27.png\" alt=\"\" class=\"wp-image-123683\" srcset=\"https:\/\/nvnoticias.mx\/wp-content\/uploads\/2023\/10\/image-27.png 768w, https:\/\/nvnoticias.mx\/wp-content\/uploads\/2023\/10\/image-27-300x248.png 300w\" sizes=\"auto, (max-width: 768px) 100vw, 768px\" \/><\/figure>\n\n\n\n<p>La protagonista de&nbsp;<strong>&#8220;Son como ni\u00f1os&#8221;<\/strong>&nbsp;comparti\u00f3 en la plataforma de Meta un video para que sus m\u00e1s de 26.9 millones de seguidores vieran como<strong>&nbsp;fue su encuentro con Camila Cabello<\/strong>. Esta reuni\u00f3n tambi\u00e9n fue muy especial, pues adem\u00e1s de reencontrarse, la cantante y la actriz aprovecharon para celebrar esta importante fecha comiendo unos tacos, que aunque no dejaron ver de qu\u00e9 eran ambas hicieron que se le antojara a todos los internautas.&nbsp;<\/p>\n\n\n\n<blockquote class=\"wp-block-quote is-layout-flow wp-block-quote-is-layout-flow\"><p>&#8220;<strong>En Londres con @camila_cabello celebrando nuestra herencia culinaria en el #D\u00edaNacionalDelTaco<\/strong>&#8220;, escribi\u00f3&nbsp;<strong>Hayek, de 57 a\u00f1os,<\/strong>&nbsp;para compartir el clip en el que aparece con la int\u00e9rprete de &#8220;Havana&#8221;, quien tambi\u00e9n le da una gran mordida a la tortilla con el guisado, el cual no se alcanza a apreciar bien. Sin embargo, en la grabaci\u00f3n se observa c\u00f3mo ambas est\u00e1n sentadas en un sill\u00f3n, con un gran plato relleno de tacos y tres tipos de salsa, que no falt\u00f3 en ninguno de los dos casos.&nbsp;<\/p><\/blockquote>\n\n\n\n<blockquote class=\"wp-block-quote is-layout-flow wp-block-quote-is-layout-flow\"><p>&#8220;Ya se me antojaron jJajajajja&#8221;, &#8220;Es que eres lo m\u00e1s&#8221;, &#8220;Las reinas juntas&#8221;, &#8220;Arriba los tacos&#8221;, &#8220;Viva Cuba y M\u00e9xico&#8221; y&nbsp;&#8220;Puedes compartir con una hermana por favor&#8221;, son algunos de los comentarios en ingl\u00e9s y espa\u00f1ol que se pueden encontrar en su cuenta de Instagram, en donde en pocas horas las im\u00e1genes se volvieron tendencia, por lo que ahora cuenta con poco menos de 100 mil &#8220;likes&#8221;.&nbsp;<\/p><\/blockquote>\n\n\n\n<p>Fuente: <a href=\"https:\/\/heraldodemexico.com.mx\/espectaculos\/2023\/10\/4\/desde-londres-salma-hayek-camila-cabello-ensenan-como-comer-tacos-correctamente-543875.html\" data-type=\"URL\" data-id=\"https:\/\/heraldodemexico.com.mx\/espectaculos\/2023\/10\/4\/desde-londres-salma-hayek-camila-cabello-ensenan-como-comer-tacos-correctamente-543875.html\">El Heraldo de M\u00e9xico<\/a> <\/p>\n","protected":false},"excerpt":{"rendered":"<p>Salma Hayek y Camila Cabello&nbsp;sorprendieron a sus millones de seguidores al aparecer juntas de forma inesperada&nbsp;en un video. Fue la actriz mexicana la que comparti\u00f3 el clip en su cuenta de&nbsp;Instagram,&nbsp;en el que adem\u00e1s de dejar&nbsp;ver que tienen&nbsp;una buena relaci\u00f3n, tambi\u00e9n mostr\u00f3 que estaban celebrando el D\u00eda Nacional del Taco en Londres, Inglaterra.&nbsp;Como era de [&hellip;]<\/p>\n","protected":false},"author":35,"featured_media":123681,"comment_status":"open","ping_status":"open","sticky":false,"template":"","format":"standard","meta":{"_monsterinsights_skip_tracking":false,"_monsterinsights_sitenote_active":false,"_monsterinsights_sitenote_note":"","_monsterinsights_sitenote_category":0,"footnotes":""},"categories":[576],"tags":[2630,27640,1498],"class_list":["post-123679","post","type-post","status-publish","format-standard","has-post-thumbnail","hentry","category-ocio","tag-camila-cabello","tag-comer","tag-salma-hayek","wp-image-borders"],"amp_enabled":true,"_links":{"self":[{"href":"https:\/\/nvnoticias.mx\/index.php\/wp-json\/wp\/v2\/posts\/123679","targetHints":{"allow":["GET"]}}],"collection":[{"href":"https:\/\/nvnoticias.mx\/index.php\/wp-json\/wp\/v2\/posts"}],"about":[{"href":"https:\/\/nvnoticias.mx\/index.php\/wp-json\/wp\/v2\/types\/post"}],"author":[{"embeddable":true,"href":"https:\/\/nvnoticias.mx\/index.php\/wp-json\/wp\/v2\/users\/35"}],"replies":[{"embeddable":true,"href":"https:\/\/nvnoticias.mx\/index.php\/wp-json\/wp\/v2\/comments?post=123679"}],"version-history":[{"count":5,"href":"https:\/\/nvnoticias.mx\/index.php\/wp-json\/wp\/v2\/posts\/123679\/revisions"}],"predecessor-version":[{"id":123686,"href":"https:\/\/nvnoticias.mx\/index.php\/wp-json\/wp\/v2\/posts\/123679\/revisions\/123686"}],"wp:featuredmedia":[{"embeddable":true,"href":"https:\/\/nvnoticias.mx\/index.php\/wp-json\/wp\/v2\/media\/123681"}],"wp:attachment":[{"href":"https:\/\/nvnoticias.mx\/index.php\/wp-json\/wp\/v2\/media?parent=123679"}],"wp:term":[{"taxonomy":"category","embeddable":true,"href":"https:\/\/nvnoticias.mx\/index.php\/wp-json\/wp\/v2\/categories?post=123679"},{"taxonomy":"post_tag","embeddable":true,"href":"https:\/\/nvnoticias.mx\/index.php\/wp-json\/wp\/v2\/tags?post=123679"}],"curies":[{"name":"wp","href":"https:\/\/api.w.org\/{rel}","templated":true}]}}