{"id":123674,"date":"2023-10-04T13:39:06","date_gmt":"2023-10-04T18:39:06","guid":{"rendered":"https:\/\/nvnoticias.mx\/?p=123674"},"modified":"2023-10-04T13:39:07","modified_gmt":"2023-10-04T18:39:07","slug":"responde-gloria-trevi-tras-ser-acusada-de-defraudacion-fiscal","status":"publish","type":"post","link":"https:\/\/nvnoticias.mx\/index.php\/2023\/10\/04\/responde-gloria-trevi-tras-ser-acusada-de-defraudacion-fiscal\/","title":{"rendered":"Responde Gloria Trevi tras ser acusada de defraudaci\u00f3n fiscal"},"content":{"rendered":"\n<p>Tras ser se\u00f1alada por la\u00a0<strong>Fiscal\u00eda General de la Rep\u00fablica (FGR)\u00a0<\/strong>por el delito de defraudaci\u00f3n fiscal, la cantante\u00a0Gloria Trevi\u00a0inform\u00f3 que \u2018cuadrar\u00e1\u2019 cifras con el Servicio de Administraci\u00f3n Tributaria (SAT) y cumplicar\u00e1 con\u00a0<strong>sus adeudos pendientes.<\/strong><\/p>\n\n\n\n<p>En un comunicado, la\u00a0artista de \u2018Con los ojos cerrados\u2019\u00a0detall\u00f3 que este lunes 3 de octubre acudi\u00f3 a la unidad de Delitos Financieros de la FGR para aclarar su situaci\u00f3n, por lo que, dijo, solo tiene pendiente un adeudo de 564 mil pesos y cuenta con saldo a favor.<\/p>\n\n\n\n<blockquote class=\"wp-block-quote is-layout-flow wp-block-quote-is-layout-flow\"><p>\u201cAl respecto les coment\u00f3 que el monto que dicen pendiente de impuestos es de 564 mil pesos. Ese ser\u00eda la totalidad del adeudo. Y yo creo tener un saldo a favor, con la autoridad fiscal mexicana, el SAT, de\u00a0<strong>poco m\u00e1s de un mill\u00f3n de pesos\u201d, afirm\u00f3.<\/strong><\/p><\/blockquote>\n\n\n\n<p>A pesar de que la cantante a\u00fan analiza las opciones legales con sus abogados, su objetivo, dijo, es aclarar cualquier duda que exista y, en su caso, pagar los impuestos que<strong>&nbsp;correspondan en M\u00e9xico y en cualquier parte del mundo.<\/strong><\/p>\n\n\n\n<hr class=\"wp-block-separator\"\/>\n\n\n\n<p>Por esta raz\u00f3n,\u00a0Trevi sostuvo\u00a0que cuadrar\u00e1n las cifras y \u201cno seremos como otros que incumplen con sus impuestos\u201d.<\/p>\n\n\n\n<blockquote class=\"wp-block-quote is-layout-flow wp-block-quote-is-layout-flow\"><p>\u201cLos que generamos empleos y recursos debemos de pagar impuestos de manera puntual para que en\u00a0<strong>nuestro querido M\u00e9xico la gente menos favorecida tenga acceso\u00a0<\/strong>a programas sociales, hospitales y a todo tipo de atenciones p\u00fablicas\u201d, destac\u00f3.<\/p><\/blockquote>\n\n\n\n<p>Fuente: <a href=\"https:\/\/www.elfinanciero.com.mx\/nacional\/2023\/10\/04\/gloria-trevi-responde-tras-ser-acusada-de-defraudacion-fiscal-tengo-saldo-a-favor\/\" data-type=\"URL\" data-id=\"https:\/\/www.elfinanciero.com.mx\/nacional\/2023\/10\/04\/gloria-trevi-responde-tras-ser-acusada-de-defraudacion-fiscal-tengo-saldo-a-favor\/\">El Financiero<\/a> <\/p>\n","protected":false},"excerpt":{"rendered":"<p>Tras ser se\u00f1alada por la\u00a0Fiscal\u00eda General de la Rep\u00fablica (FGR)\u00a0por el delito de defraudaci\u00f3n fiscal, la cantante\u00a0Gloria Trevi\u00a0inform\u00f3 que \u2018cuadrar\u00e1\u2019 cifras con el Servicio de Administraci\u00f3n Tributaria (SAT) y cumplicar\u00e1 con\u00a0sus adeudos pendientes. En un comunicado, la\u00a0artista de \u2018Con los ojos cerrados\u2019\u00a0detall\u00f3 que este lunes 3 de octubre acudi\u00f3 a la unidad de Delitos Financieros [&hellip;]<\/p>\n","protected":false},"author":35,"featured_media":123678,"comment_status":"open","ping_status":"open","sticky":false,"template":"","format":"standard","meta":{"_monsterinsights_skip_tracking":false,"_monsterinsights_sitenote_active":false,"_monsterinsights_sitenote_note":"","_monsterinsights_sitenote_category":0,"footnotes":""},"categories":[576],"tags":[14660,13691,20899,9477],"class_list":["post-123674","post","type-post","status-publish","format-standard","has-post-thumbnail","hentry","category-ocio","tag-acusada","tag-defraudacion-fiscal","tag-gloria-trevi","tag-responde","wp-image-borders"],"amp_enabled":true,"_links":{"self":[{"href":"https:\/\/nvnoticias.mx\/index.php\/wp-json\/wp\/v2\/posts\/123674","targetHints":{"allow":["GET"]}}],"collection":[{"href":"https:\/\/nvnoticias.mx\/index.php\/wp-json\/wp\/v2\/posts"}],"about":[{"href":"https:\/\/nvnoticias.mx\/index.php\/wp-json\/wp\/v2\/types\/post"}],"author":[{"embeddable":true,"href":"https:\/\/nvnoticias.mx\/index.php\/wp-json\/wp\/v2\/users\/35"}],"replies":[{"embeddable":true,"href":"https:\/\/nvnoticias.mx\/index.php\/wp-json\/wp\/v2\/comments?post=123674"}],"version-history":[{"count":3,"href":"https:\/\/nvnoticias.mx\/index.php\/wp-json\/wp\/v2\/posts\/123674\/revisions"}],"predecessor-version":[{"id":123677,"href":"https:\/\/nvnoticias.mx\/index.php\/wp-json\/wp\/v2\/posts\/123674\/revisions\/123677"}],"wp:featuredmedia":[{"embeddable":true,"href":"https:\/\/nvnoticias.mx\/index.php\/wp-json\/wp\/v2\/media\/123678"}],"wp:attachment":[{"href":"https:\/\/nvnoticias.mx\/index.php\/wp-json\/wp\/v2\/media?parent=123674"}],"wp:term":[{"taxonomy":"category","embeddable":true,"href":"https:\/\/nvnoticias.mx\/index.php\/wp-json\/wp\/v2\/categories?post=123674"},{"taxonomy":"post_tag","embeddable":true,"href":"https:\/\/nvnoticias.mx\/index.php\/wp-json\/wp\/v2\/tags?post=123674"}],"curies":[{"name":"wp","href":"https:\/\/api.w.org\/{rel}","templated":true}]}}