{"id":123665,"date":"2023-10-04T13:32:59","date_gmt":"2023-10-04T18:32:59","guid":{"rendered":"https:\/\/nvnoticias.mx\/?p=123665"},"modified":"2023-10-04T13:33:01","modified_gmt":"2023-10-04T18:33:01","slug":"anuncia-karol-g-concierto-en-el-estadio-azteca","status":"publish","type":"post","link":"https:\/\/nvnoticias.mx\/index.php\/2023\/10\/04\/anuncia-karol-g-concierto-en-el-estadio-azteca\/","title":{"rendered":"Anuncia Karol G concierto en el Estadio Azteca"},"content":{"rendered":"\n<p>Luego de poco m\u00e1s de un a\u00f1o, la colombiana&nbsp;<strong>Karol G<\/strong>,&nbsp;<strong>regresar\u00e1 a M\u00e9xico con una serie de conciertos<\/strong>&nbsp;en los que demostrar\u00e1 porqu\u00e9 es una de las mayores exponentes de la m\u00fasica latina.&nbsp;<\/p>\n\n\n\n<p>Fue en junio de 2022 cuando&nbsp;<em>La Bichota<\/em>&nbsp;se present\u00f3 con gran \u00e9xito en la Arena de la Ciudad de M\u00e9xico, en donde se vivieron momentos \u00e9picos como el regreso de Anah\u00ed, de&nbsp;<a rel=\"noreferrer noopener\" href=\"https:\/\/www.milenio.com\/espectaculos\/famosos\/por-que-poncho-herrera-no-participara-con-rbd-esto-dice-apio-quijano\" target=\"_blank\">RBD<\/a>, y hasta cantar con Caf\u00e9 Tacvba.<\/p>\n\n\n\n<p>Ahora, la colombiana traer\u00e1 su m\u00e1s reciente \u00e1lbum<strong><em>&nbsp;Ma\u00f1ana Ser\u00e1 Bonito<\/em><\/strong>, mismo que ha logrado un gran \u00e9xito en todas las plataformas digitales. Es por eso que nosotros te contamos todo lo que debes saber de estos shows que prometen ser de los mejores del a\u00f1o.&nbsp;<\/p>\n\n\n\n<h2 class=\"wp-block-heading\">\u00bfCu\u00e1ndo y d\u00f3nde ser\u00e1n los conciertos de Karol G?<\/h2>\n\n\n\n<p>Fue la tarde de este xx que Karol G confirm\u00f3 una serie de conciertos en M\u00e9xico que tendr\u00e1n lugar en la&nbsp;<strong>Ciudad de M\u00e9xico, Guadalajara y Monterrey<\/strong>.&nbsp;<\/p>\n\n\n\n<ul class=\"wp-block-list\"><li>Ciudad de M\u00e9xico: 8 de febrero | Estadio Azteca<\/li><li>Monterrey: 16 de febrero | Estadio Mobil Super<\/li><li>Guadalajara: 23 de febrero | Estadio Tres de Marzo<\/li><\/ul>\n\n\n\n<p>Fuente: <a href=\"https:\/\/www.milenio.com\/espectaculos\/musica\/concierto-de-karol-g-en-mexico-cuando-y-donde-sera?fbclid=IwAR0OnaYLDoz2yIgQOTIn5yIzqJQoxNK_cTkZ75teyO-2Rpd0OndnP4r9Q-k\" data-type=\"URL\" data-id=\"https:\/\/www.milenio.com\/espectaculos\/musica\/concierto-de-karol-g-en-mexico-cuando-y-donde-sera?fbclid=IwAR0OnaYLDoz2yIgQOTIn5yIzqJQoxNK_cTkZ75teyO-2Rpd0OndnP4r9Q-k\">Milenio<\/a><\/p>\n","protected":false},"excerpt":{"rendered":"<p>Luego de poco m\u00e1s de un a\u00f1o, la colombiana&nbsp;Karol G,&nbsp;regresar\u00e1 a M\u00e9xico con una serie de conciertos&nbsp;en los que demostrar\u00e1 porqu\u00e9 es una de las mayores exponentes de la m\u00fasica latina.&nbsp; Fue en junio de 2022 cuando&nbsp;La Bichota&nbsp;se present\u00f3 con gran \u00e9xito en la Arena de la Ciudad de M\u00e9xico, en donde se vivieron momentos [&hellip;]<\/p>\n","protected":false},"author":35,"featured_media":45036,"comment_status":"open","ping_status":"open","sticky":false,"template":"","format":"standard","meta":{"_monsterinsights_skip_tracking":false,"_monsterinsights_sitenote_active":false,"_monsterinsights_sitenote_note":"","_monsterinsights_sitenote_category":0,"footnotes":""},"categories":[576],"tags":[801,6408,10648],"class_list":["post-123665","post","type-post","status-publish","format-standard","has-post-thumbnail","hentry","category-ocio","tag-concierto","tag-estadio-azteca","tag-karol-g","wp-image-borders"],"amp_enabled":true,"_links":{"self":[{"href":"https:\/\/nvnoticias.mx\/index.php\/wp-json\/wp\/v2\/posts\/123665","targetHints":{"allow":["GET"]}}],"collection":[{"href":"https:\/\/nvnoticias.mx\/index.php\/wp-json\/wp\/v2\/posts"}],"about":[{"href":"https:\/\/nvnoticias.mx\/index.php\/wp-json\/wp\/v2\/types\/post"}],"author":[{"embeddable":true,"href":"https:\/\/nvnoticias.mx\/index.php\/wp-json\/wp\/v2\/users\/35"}],"replies":[{"embeddable":true,"href":"https:\/\/nvnoticias.mx\/index.php\/wp-json\/wp\/v2\/comments?post=123665"}],"version-history":[{"count":4,"href":"https:\/\/nvnoticias.mx\/index.php\/wp-json\/wp\/v2\/posts\/123665\/revisions"}],"predecessor-version":[{"id":123672,"href":"https:\/\/nvnoticias.mx\/index.php\/wp-json\/wp\/v2\/posts\/123665\/revisions\/123672"}],"wp:featuredmedia":[{"embeddable":true,"href":"https:\/\/nvnoticias.mx\/index.php\/wp-json\/wp\/v2\/media\/45036"}],"wp:attachment":[{"href":"https:\/\/nvnoticias.mx\/index.php\/wp-json\/wp\/v2\/media?parent=123665"}],"wp:term":[{"taxonomy":"category","embeddable":true,"href":"https:\/\/nvnoticias.mx\/index.php\/wp-json\/wp\/v2\/categories?post=123665"},{"taxonomy":"post_tag","embeddable":true,"href":"https:\/\/nvnoticias.mx\/index.php\/wp-json\/wp\/v2\/tags?post=123665"}],"curies":[{"name":"wp","href":"https:\/\/api.w.org\/{rel}","templated":true}]}}