{"id":123632,"date":"2023-10-04T12:16:09","date_gmt":"2023-10-04T17:16:09","guid":{"rendered":"https:\/\/nvnoticias.mx\/?p=123632"},"modified":"2023-10-04T12:16:11","modified_gmt":"2023-10-04T17:16:11","slug":"asegura-gobierno-frances-que-no-hay-casos-confirmados-de-chinches-en-metros-o-trenes","status":"publish","type":"post","link":"https:\/\/nvnoticias.mx\/index.php\/2023\/10\/04\/asegura-gobierno-frances-que-no-hay-casos-confirmados-de-chinches-en-metros-o-trenes\/","title":{"rendered":"Asegura gobierno franc\u00e9s que &#8220;no hay casos confirmados&#8221; de chinches en metros o trenes"},"content":{"rendered":"\n<p>El ministro de Transportes de&nbsp;<strong>Francia<\/strong>, Cl\u00e9ment Beaune, asegur\u00f3 que &#8220;no hay casos confirmados&#8221; de&nbsp;<strong>chinches&nbsp;en el metro<\/strong>&nbsp;y los trenes franceses, a pesar de fotos y testimonios que circulan en las redes, y pidi\u00f3 &#8220;no caer en la psicosis&#8221;.<\/p>\n\n\n\n<blockquote class=\"wp-block-quote is-layout-flow wp-block-quote-is-layout-flow\"><p>&#8220;<strong>No ha habido casos confirmados de chinches<\/strong>&nbsp;en los metros o los trenes, quiz\u00e1 los tengamos los pr\u00f3ximos meses o semanas, como en todas las grandes ciudades del mundo&#8221;, explic\u00f3 ante la prensa Beaune, despu\u00e9s de reunirse con los principales operadores de transporte del pa\u00eds.<\/p><\/blockquote>\n\n\n\n<p>El ministro quiso enviar un mensaje de &#8220;confianza, transparencia y vigilancia&#8221; sobre la&nbsp;<strong>plaga de chinches<\/strong>&nbsp;que se ha convertido ya en un asunto de Estado en Francia.PUBLICIDAD<\/p>\n\n\n\n<blockquote class=\"wp-block-quote is-layout-flow wp-block-quote-is-layout-flow\"><p>&#8220;Las fotos (de internautas) las hemos tomado en serio, no hay que caer en la negaci\u00f3n ni en la psicosis, esos casos los hemos verificado y no hay nada confirmado (&#8230;) Insisto tambi\u00e9n en el hecho de que a las chinches les molesta la luz&#8221; que hay en los vagones, refiri\u00f3.<\/p><\/blockquote>\n\n\n\n<p>Con\u00a0<strong>Par\u00eds\u00a0<\/strong>como ciudad m\u00e1s afectada por ser la m\u00e1s poblada y densa, la plaga de chiches tambi\u00e9n se ha propagado a otras grandes urbes, como\u00a0<strong>Marsella<\/strong>, donde un instituto de ense\u00f1anza media cerr\u00f3 temporalmente por la presencia de ese insecto.<\/p>\n\n\n\n<p>Fuente: <a href=\"https:\/\/www.eluniversal.com.mx\/mundo\/gobierno-frances-dice-que-no-hay-casos-confirmados-de-chinches-en-metros-o-trenes\/\" data-type=\"URL\" data-id=\"https:\/\/www.eluniversal.com.mx\/mundo\/gobierno-frances-dice-que-no-hay-casos-confirmados-de-chinches-en-metros-o-trenes\/\">El Universal<\/a> <\/p>\n","protected":false},"excerpt":{"rendered":"<p>El ministro de Transportes de&nbsp;Francia, Cl\u00e9ment Beaune, asegur\u00f3 que &#8220;no hay casos confirmados&#8221; de&nbsp;chinches&nbsp;en el metro&nbsp;y los trenes franceses, a pesar de fotos y testimonios que circulan en las redes, y pidi\u00f3 &#8220;no caer en la psicosis&#8221;. &#8220;No ha habido casos confirmados de chinches&nbsp;en los metros o los trenes, quiz\u00e1 los tengamos los pr\u00f3ximos meses [&hellip;]<\/p>\n","protected":false},"author":35,"featured_media":123635,"comment_status":"open","ping_status":"open","sticky":false,"template":"","format":"standard","meta":{"_monsterinsights_skip_tracking":false,"_monsterinsights_sitenote_active":false,"_monsterinsights_sitenote_note":"","_monsterinsights_sitenote_category":0,"footnotes":""},"categories":[181],"tags":[7328,6425,18363,23936,13104,23676],"class_list":["post-123632","post","type-post","status-publish","format-standard","has-post-thumbnail","hentry","category-internacional","tag-asegura","tag-chinches","tag-confirmados","tag-gobierno-frances","tag-metros","tag-no-hay","wp-image-borders"],"amp_enabled":true,"_links":{"self":[{"href":"https:\/\/nvnoticias.mx\/index.php\/wp-json\/wp\/v2\/posts\/123632","targetHints":{"allow":["GET"]}}],"collection":[{"href":"https:\/\/nvnoticias.mx\/index.php\/wp-json\/wp\/v2\/posts"}],"about":[{"href":"https:\/\/nvnoticias.mx\/index.php\/wp-json\/wp\/v2\/types\/post"}],"author":[{"embeddable":true,"href":"https:\/\/nvnoticias.mx\/index.php\/wp-json\/wp\/v2\/users\/35"}],"replies":[{"embeddable":true,"href":"https:\/\/nvnoticias.mx\/index.php\/wp-json\/wp\/v2\/comments?post=123632"}],"version-history":[{"count":2,"href":"https:\/\/nvnoticias.mx\/index.php\/wp-json\/wp\/v2\/posts\/123632\/revisions"}],"predecessor-version":[{"id":123634,"href":"https:\/\/nvnoticias.mx\/index.php\/wp-json\/wp\/v2\/posts\/123632\/revisions\/123634"}],"wp:featuredmedia":[{"embeddable":true,"href":"https:\/\/nvnoticias.mx\/index.php\/wp-json\/wp\/v2\/media\/123635"}],"wp:attachment":[{"href":"https:\/\/nvnoticias.mx\/index.php\/wp-json\/wp\/v2\/media?parent=123632"}],"wp:term":[{"taxonomy":"category","embeddable":true,"href":"https:\/\/nvnoticias.mx\/index.php\/wp-json\/wp\/v2\/categories?post=123632"},{"taxonomy":"post_tag","embeddable":true,"href":"https:\/\/nvnoticias.mx\/index.php\/wp-json\/wp\/v2\/tags?post=123632"}],"curies":[{"name":"wp","href":"https:\/\/api.w.org\/{rel}","templated":true}]}}