{"id":123557,"date":"2023-10-03T18:58:21","date_gmt":"2023-10-03T23:58:21","guid":{"rendered":"https:\/\/nvnoticias.mx\/?p=123557"},"modified":"2023-10-03T18:58:22","modified_gmt":"2023-10-03T23:58:22","slug":"alexis-vega-y-chicote-calderon-son-separados-de-chivas-por-tiempo-indefinido","status":"publish","type":"post","link":"https:\/\/nvnoticias.mx\/index.php\/2023\/10\/03\/alexis-vega-y-chicote-calderon-son-separados-de-chivas-por-tiempo-indefinido\/","title":{"rendered":"Alexis Vega y &#8220;Chicote&#8221; Calder\u00f3n son separados de Chivas por tiempo indefinido"},"content":{"rendered":"\n<p>El Club Deportivo Guadalajara ha separado del primer equipo a los jugadores Alexis Vega, Cristian &#8220;Chicote&#8221; Calder\u00f3n y el canterano Ra\u00fal Mart\u00ednez por tiempo indefinido tras haber violado el reglamento interno del club.<\/p>\n\n\n\n<p>Sin m\u00e1s detalles, mediante un comunicado, el club inform\u00f3 que los tres jugadores seguir\u00e1n trabajando en el equipo para trabajar en su forma f\u00edsica y futbol\u00edstica. <\/p>\n\n\n\n<blockquote class=\"wp-block-quote is-layout-flow wp-block-quote-is-layout-flow\"><p>&#8220;<em>El\u00a0Club Deportivo Guadalajara\u00a0informa que Alexis Vega, Cristian Calder\u00f3n y Ra\u00fal Mart\u00ednez incumplieron lineamientos establecidos en el reglamento interno, por lo cual a partir de hoy ser\u00e1n separados del plantel por tiempo indefinido. Los 3 jugadores trabajar\u00e1n en el club con un programa diferenciado para mantener su forma f\u00edsica y futbol\u00edstica<\/em>&#8220;, se\u00f1al\u00f3 el conjunto en un comunicado.<\/p><\/blockquote>\n\n\n\n<figure class=\"wp-block-embed aligncenter is-type-rich is-provider-twitter wp-block-embed-twitter\"><div class=\"wp-block-embed__wrapper\">\n<blockquote class=\"twitter-tweet\" data-width=\"550\" data-dnt=\"true\"><p lang=\"pt\" dir=\"ltr\">Comunicado Oficial<a href=\"https:\/\/t.co\/kfVAnAY4uc\">https:\/\/t.co\/kfVAnAY4uc<\/a><\/p>&mdash; CHIVAS (@Chivas) <a href=\"https:\/\/twitter.com\/Chivas\/status\/1709334047078457507?ref_src=twsrc%5Etfw\">October 3, 2023<\/a><\/blockquote><script async src=\"https:\/\/platform.twitter.com\/widgets.js\" charset=\"utf-8\"><\/script>\n<\/div><\/figure>\n\n\n\n<p><\/p>\n","protected":false},"excerpt":{"rendered":"<p>El Club Deportivo Guadalajara ha separado del primer equipo a los jugadores Alexis Vega, Cristian &#8220;Chicote&#8221; Calder\u00f3n y el canterano Ra\u00fal Mart\u00ednez por tiempo indefinido tras haber violado el reglamento interno del club. Sin m\u00e1s detalles, mediante un comunicado, el club inform\u00f3 que los tres jugadores seguir\u00e1n trabajando en el equipo para trabajar en su [&hellip;]<\/p>\n","protected":false},"author":8,"featured_media":123558,"comment_status":"open","ping_status":"open","sticky":false,"template":"","format":"standard","meta":{"_monsterinsights_skip_tracking":false,"_monsterinsights_sitenote_active":false,"_monsterinsights_sitenote_note":"","_monsterinsights_sitenote_category":0,"footnotes":""},"categories":[159],"tags":[816,917],"class_list":["post-123557","post","type-post","status-publish","format-standard","has-post-thumbnail","hentry","category-deportes","tag-chivas","tag-liga-mx","wp-image-borders"],"amp_enabled":true,"_links":{"self":[{"href":"https:\/\/nvnoticias.mx\/index.php\/wp-json\/wp\/v2\/posts\/123557","targetHints":{"allow":["GET"]}}],"collection":[{"href":"https:\/\/nvnoticias.mx\/index.php\/wp-json\/wp\/v2\/posts"}],"about":[{"href":"https:\/\/nvnoticias.mx\/index.php\/wp-json\/wp\/v2\/types\/post"}],"author":[{"embeddable":true,"href":"https:\/\/nvnoticias.mx\/index.php\/wp-json\/wp\/v2\/users\/8"}],"replies":[{"embeddable":true,"href":"https:\/\/nvnoticias.mx\/index.php\/wp-json\/wp\/v2\/comments?post=123557"}],"version-history":[{"count":1,"href":"https:\/\/nvnoticias.mx\/index.php\/wp-json\/wp\/v2\/posts\/123557\/revisions"}],"predecessor-version":[{"id":123559,"href":"https:\/\/nvnoticias.mx\/index.php\/wp-json\/wp\/v2\/posts\/123557\/revisions\/123559"}],"wp:featuredmedia":[{"embeddable":true,"href":"https:\/\/nvnoticias.mx\/index.php\/wp-json\/wp\/v2\/media\/123558"}],"wp:attachment":[{"href":"https:\/\/nvnoticias.mx\/index.php\/wp-json\/wp\/v2\/media?parent=123557"}],"wp:term":[{"taxonomy":"category","embeddable":true,"href":"https:\/\/nvnoticias.mx\/index.php\/wp-json\/wp\/v2\/categories?post=123557"},{"taxonomy":"post_tag","embeddable":true,"href":"https:\/\/nvnoticias.mx\/index.php\/wp-json\/wp\/v2\/tags?post=123557"}],"curies":[{"name":"wp","href":"https:\/\/api.w.org\/{rel}","templated":true}]}}