{"id":123487,"date":"2023-10-03T14:56:41","date_gmt":"2023-10-03T19:56:41","guid":{"rendered":"https:\/\/nvnoticias.mx\/?p=123487"},"modified":"2023-10-03T14:56:42","modified_gmt":"2023-10-03T19:56:42","slug":"se-quejan-derechohabientes-del-imss-por-falta-de-aire-acondicionado","status":"publish","type":"post","link":"https:\/\/nvnoticias.mx\/index.php\/2023\/10\/03\/se-quejan-derechohabientes-del-imss-por-falta-de-aire-acondicionado\/","title":{"rendered":"Se quejan derechohabientes del IMSS por falta de aire acondicionado"},"content":{"rendered":"\n<p><strong>Jes\u00fas Utrilla \/ NV Noticias <\/strong><\/p>\n\n\n\n<p>Veracruz, Ver. Los usuarios de la Cl\u00ednica 68 del Instituto Mexicano del Seguro Social, ubicada en la avenida Montesinos de Veracruz, han alzado su voz debido a la ausencia de aire acondicionado en las instalaciones. <\/p>\n\n\n\n<p>Catalina, una de las afectadas, relat\u00f3 que tuvo que esperar, soplando una hoja que ten\u00eda a mano, mientras la sensaci\u00f3n t\u00e9rmica alcanzaba los 37 grados. <\/p>\n\n\n\n<p>Para muchos que acuden en busca de atenci\u00f3n m\u00e9dica, la falta de aire acondicionado representa enfrentarse a un sofocante calor, poniendo en riesgo su salud ante la posibilidad de un golpe de calor.<\/p>\n\n\n\n<p>Las largas filas en la farmacia y el laboratorio, sumadas a las personas aguardando su consulta, se convierten en una situaci\u00f3n insoportable dentro de la cl\u00ednica sin el adecuado sistema de enfriamiento. <\/p>\n\n\n\n<p>La comunidad de derechohabientes exige una soluci\u00f3n ante estas condiciones extremas.<\/p>\n\n\n\n<p>Una usuaria de la tercera edad hizo un llamado para que se repare el sistema de aire acondicionado, ya que esperar el turno bajo las altas temperaturas de Veracruz resulta insoportable. <\/p>\n\n\n\n<p>Se\u00f1al\u00f3 que los afectados no reciben explicaci\u00f3n alguna sobre el motivo de la falla en los equipos de climatizaci\u00f3n.<\/p>\n\n\n\n<p>Es importante destacar que algunos empleados han llevado ventiladores para poder llevar a cabo sus labores frente a las computadoras. <\/p>\n\n\n\n<p>Este no es el primer incidente reportado sobre problemas con los sistemas de enfriamiento en esta cl\u00ednica del IMSS.<\/p>\n","protected":false},"excerpt":{"rendered":"<p>Jes\u00fas Utrilla \/ NV Noticias Veracruz, Ver. Los usuarios de la Cl\u00ednica 68 del Instituto Mexicano del Seguro Social, ubicada en la avenida Montesinos de Veracruz, han alzado su voz debido a la ausencia de aire acondicionado en las instalaciones. Catalina, una de las afectadas, relat\u00f3 que tuvo que esperar, soplando una hoja que ten\u00eda [&hellip;]<\/p>\n","protected":false},"author":8,"featured_media":123512,"comment_status":"open","ping_status":"open","sticky":false,"template":"","format":"standard","meta":{"_monsterinsights_skip_tracking":false,"_monsterinsights_sitenote_active":false,"_monsterinsights_sitenote_note":"","_monsterinsights_sitenote_category":0,"footnotes":""},"categories":[154],"tags":[9585,3304,365],"class_list":["post-123487","post","type-post","status-publish","format-standard","has-post-thumbnail","hentry","category-veracruz","tag-aire-acondicionado","tag-derechohabientes","tag-imss","wp-image-borders"],"amp_enabled":true,"_links":{"self":[{"href":"https:\/\/nvnoticias.mx\/index.php\/wp-json\/wp\/v2\/posts\/123487","targetHints":{"allow":["GET"]}}],"collection":[{"href":"https:\/\/nvnoticias.mx\/index.php\/wp-json\/wp\/v2\/posts"}],"about":[{"href":"https:\/\/nvnoticias.mx\/index.php\/wp-json\/wp\/v2\/types\/post"}],"author":[{"embeddable":true,"href":"https:\/\/nvnoticias.mx\/index.php\/wp-json\/wp\/v2\/users\/8"}],"replies":[{"embeddable":true,"href":"https:\/\/nvnoticias.mx\/index.php\/wp-json\/wp\/v2\/comments?post=123487"}],"version-history":[{"count":1,"href":"https:\/\/nvnoticias.mx\/index.php\/wp-json\/wp\/v2\/posts\/123487\/revisions"}],"predecessor-version":[{"id":123513,"href":"https:\/\/nvnoticias.mx\/index.php\/wp-json\/wp\/v2\/posts\/123487\/revisions\/123513"}],"wp:featuredmedia":[{"embeddable":true,"href":"https:\/\/nvnoticias.mx\/index.php\/wp-json\/wp\/v2\/media\/123512"}],"wp:attachment":[{"href":"https:\/\/nvnoticias.mx\/index.php\/wp-json\/wp\/v2\/media?parent=123487"}],"wp:term":[{"taxonomy":"category","embeddable":true,"href":"https:\/\/nvnoticias.mx\/index.php\/wp-json\/wp\/v2\/categories?post=123487"},{"taxonomy":"post_tag","embeddable":true,"href":"https:\/\/nvnoticias.mx\/index.php\/wp-json\/wp\/v2\/tags?post=123487"}],"curies":[{"name":"wp","href":"https:\/\/api.w.org\/{rel}","templated":true}]}}