{"id":123358,"date":"2023-10-02T14:45:36","date_gmt":"2023-10-02T19:45:36","guid":{"rendered":"https:\/\/nvnoticias.mx\/?p=123358"},"modified":"2023-10-02T14:45:38","modified_gmt":"2023-10-02T19:45:38","slug":"hay-miedo-de-que-venga-a-mexico-bailarina-que-denuncio-a-andres-roemer-confiesa","status":"publish","type":"post","link":"https:\/\/nvnoticias.mx\/index.php\/2023\/10\/02\/hay-miedo-de-que-venga-a-mexico-bailarina-que-denuncio-a-andres-roemer-confiesa\/","title":{"rendered":"\u2018Hay miedo de que venga\u2019 a M\u00e9xico: Bailarina que denunci\u00f3 a Andr\u00e9s Roemer confiesa"},"content":{"rendered":"\n<p>A tres a\u00f1os de iniciar una \u2018batalla\u2019 legal en contra del&nbsp;escritor Andr\u00e9s Roemer,&nbsp;la bailarina Itzel Schnaas, quien lo denunci\u00f3 por<strong>&nbsp;abuso sexual en 2020<\/strong>, se dijo este lunes 2 de octubre sorprendida por su arresto en Israel y confes\u00f3 que ella y m\u00e1s v\u00edctimas temen el retorno del exembajador a M\u00e9xico.<\/p>\n\n\n\n<p>En entrevista con Ciro G\u00f3mez Leyva, Schnaas se dijo<strong>&nbsp;\u201cbrutalmente sorprendida\u201d<\/strong>&nbsp;por la noticia y argument\u00f3 que existe temor entre las las mujeres que lo denunciaron porque el exfuncionario las ha mandado a perseguir.<\/p>\n\n\n\n<blockquote class=\"wp-block-quote is-layout-flow wp-block-quote-is-layout-flow\"><p>\u201cLa verdad es que no sabemos qu\u00e9 viene, sentimos<strong>&nbsp;incluso much\u00edsimo miedo de que venga<\/strong>. Nos ha mandado seguir\u201d, a\u00f1adi\u00f3.<\/p><\/blockquote>\n\n\n\n<p>Entre l\u00e1grimas, la bailarina, quien egres\u00f3 de la Escuela Nacional de Danza Cl\u00e1sica y Contempor\u00e1nea INBAL, explic\u00f3 que desde hace tres a\u00f1os ha enfrentado una<strong>\u00a0\u2018batalla tit\u00e1nica\u2019\u00a0<\/strong>en conta de Roemer\u00a0y recalc\u00f3 que no se dar\u00e1 por vencida hasta conseguir justicia.<\/p>\n\n\n\n<p>Fuente: <a href=\"https:\/\/www.elfinanciero.com.mx\/nacional\/2023\/10\/02\/bailarina-que-denuncio-a-andres-roemer-confiesa-hay-miedo-de-que-venga-a-mexico\/\" data-type=\"URL\" data-id=\"https:\/\/www.elfinanciero.com.mx\/nacional\/2023\/10\/02\/bailarina-que-denuncio-a-andres-roemer-confiesa-hay-miedo-de-que-venga-a-mexico\/\">El Financiero<\/a> <\/p>\n","protected":false},"excerpt":{"rendered":"<p>A tres a\u00f1os de iniciar una \u2018batalla\u2019 legal en contra del&nbsp;escritor Andr\u00e9s Roemer,&nbsp;la bailarina Itzel Schnaas, quien lo denunci\u00f3 por&nbsp;abuso sexual en 2020, se dijo este lunes 2 de octubre sorprendida por su arresto en Israel y confes\u00f3 que ella y m\u00e1s v\u00edctimas temen el retorno del exembajador a M\u00e9xico. En entrevista con Ciro G\u00f3mez [&hellip;]<\/p>\n","protected":false},"author":35,"featured_media":123360,"comment_status":"open","ping_status":"open","sticky":false,"template":"","format":"standard","meta":{"_monsterinsights_skip_tracking":false,"_monsterinsights_sitenote_active":false,"_monsterinsights_sitenote_note":"","_monsterinsights_sitenote_category":0,"footnotes":""},"categories":[157],"tags":[3445,15211,17690,292],"class_list":["post-123358","post","type-post","status-publish","format-standard","has-post-thumbnail","hentry","category-nacional","tag-andres-roemer","tag-confiesa","tag-denuncio","tag-mexico","wp-image-borders"],"amp_enabled":true,"_links":{"self":[{"href":"https:\/\/nvnoticias.mx\/index.php\/wp-json\/wp\/v2\/posts\/123358","targetHints":{"allow":["GET"]}}],"collection":[{"href":"https:\/\/nvnoticias.mx\/index.php\/wp-json\/wp\/v2\/posts"}],"about":[{"href":"https:\/\/nvnoticias.mx\/index.php\/wp-json\/wp\/v2\/types\/post"}],"author":[{"embeddable":true,"href":"https:\/\/nvnoticias.mx\/index.php\/wp-json\/wp\/v2\/users\/35"}],"replies":[{"embeddable":true,"href":"https:\/\/nvnoticias.mx\/index.php\/wp-json\/wp\/v2\/comments?post=123358"}],"version-history":[{"count":3,"href":"https:\/\/nvnoticias.mx\/index.php\/wp-json\/wp\/v2\/posts\/123358\/revisions"}],"predecessor-version":[{"id":123362,"href":"https:\/\/nvnoticias.mx\/index.php\/wp-json\/wp\/v2\/posts\/123358\/revisions\/123362"}],"wp:featuredmedia":[{"embeddable":true,"href":"https:\/\/nvnoticias.mx\/index.php\/wp-json\/wp\/v2\/media\/123360"}],"wp:attachment":[{"href":"https:\/\/nvnoticias.mx\/index.php\/wp-json\/wp\/v2\/media?parent=123358"}],"wp:term":[{"taxonomy":"category","embeddable":true,"href":"https:\/\/nvnoticias.mx\/index.php\/wp-json\/wp\/v2\/categories?post=123358"},{"taxonomy":"post_tag","embeddable":true,"href":"https:\/\/nvnoticias.mx\/index.php\/wp-json\/wp\/v2\/tags?post=123358"}],"curies":[{"name":"wp","href":"https:\/\/api.w.org\/{rel}","templated":true}]}}