{"id":123306,"date":"2023-10-02T11:47:53","date_gmt":"2023-10-02T16:47:53","guid":{"rendered":"https:\/\/nvnoticias.mx\/?p=123306"},"modified":"2023-10-02T11:47:54","modified_gmt":"2023-10-02T16:47:54","slug":"milei-promete-alcanzar-nivel-de-vida-de-eu-y-pide-perdon-al-papa","status":"publish","type":"post","link":"https:\/\/nvnoticias.mx\/index.php\/2023\/10\/02\/milei-promete-alcanzar-nivel-de-vida-de-eu-y-pide-perdon-al-papa\/","title":{"rendered":"Milei promete alcanzar nivel de vida de EU y pide perd\u00f3n al Papa"},"content":{"rendered":"\n<p>El candidato ultraderechista&nbsp;Javier Milei, quien encabeza los sondeos rumbo a las elecciones presidenciales del 22 de octubre, afirm\u00f3 que las reformas que pretende implementar convertir\u00e1n a Argentina en una potencia y adem\u00e1s neg\u00f3 que hubiera 30 mil personas desaparecidas durante la \u00faltima dictadura, tal como sostienen los organismos de derechos humanos.<\/p>\n\n\n\n<p>Durante un debate con otros cuatro aspirantes a la presidencia, el&nbsp;<strong>candidato de Libertad Avanza<\/strong>&nbsp;tambi\u00e9n ofreci\u00f3 disculpas por&nbsp;comentarios que hizo contra el papa Francisco.<\/p>\n\n\n\n<p>Milei, un economista de corte neoliberal, propuso&nbsp;<strong>reducir dr\u00e1sticamente el gasto p\u00fablico<\/strong>, dolarizar a la econom\u00eda, simplificar el sistema tributario, privatizaciones para \u201csacarnos a las nefastas empresas p\u00fablicas\u201d y el cierre del Banco Central, al que acusa de una emisi\u00f3n monetaria desenfrenada que fomenta el alza de precios.<\/p>\n\n\n\n<blockquote class=\"wp-block-quote is-layout-flow wp-block-quote-is-layout-flow\"><p>\u201cCon este conjunto de reformas, Argentina en 15 a\u00f1os podr\u00eda estar alcanzando niveles de vida similares a los que tiene Italia o Francia; si me dan 20, Alemania, y si me dan 35, Estados Unidos\u201d, dijo Milei durante un debate en el que fue el blanco principal de los otros cuatro aspirantes a la presidencia.<\/p><\/blockquote>\n\n\n\n<p>El libertario, quien desembarc\u00f3 en el escenario pol\u00edtico argentino hace dos a\u00f1os al lograr una banca de diputado, se present\u00f3 como un \u201cespecialista en crecimiento econ\u00f3mico\u201d que sabe c\u00f3mo reducir los niveles de pobreza que afectan a m\u00e1s del 40 por ciento de la poblaci\u00f3n y \u201cexterminar la\u00a0inflaci\u00f3n\u201d, que en t\u00e9rminos anuales supera el 124 por ciento.<\/p>\n\n\n\n<p>Al cuestionar la propuesta de dolarizaci\u00f3n de Milei, el ministro de Econom\u00eda Sergio Massa, candidato de la peronista Uni\u00f3n por la Patria, dijo que Argentina terminar\u00e1 sufriendo los problemas de \u201cZimbabue, Ecuador y El Salvador\u201d, que adoptaron el d\u00f3lar como moneda.<\/p>\n\n\n\n<p>Fuente: <a href=\"https:\/\/www.elfinanciero.com.mx\/mundo\/2023\/10\/02\/debate-presidencial-en-argentina-milei-promete-alcanzar-nivel-de-vida-de-eu-y-pide-perdon-al-papa\/\" data-type=\"URL\" data-id=\"https:\/\/www.elfinanciero.com.mx\/mundo\/2023\/10\/02\/debate-presidencial-en-argentina-milei-promete-alcanzar-nivel-de-vida-de-eu-y-pide-perdon-al-papa\/\">El Financiero<\/a> <\/p>\n","protected":false},"excerpt":{"rendered":"<p>El candidato ultraderechista&nbsp;Javier Milei, quien encabeza los sondeos rumbo a las elecciones presidenciales del 22 de octubre, afirm\u00f3 que las reformas que pretende implementar convertir\u00e1n a Argentina en una potencia y adem\u00e1s neg\u00f3 que hubiera 30 mil personas desaparecidas durante la \u00faltima dictadura, tal como sostienen los organismos de derechos humanos. Durante un debate con [&hellip;]<\/p>\n","protected":false},"author":35,"featured_media":123308,"comment_status":"open","ping_status":"open","sticky":false,"template":"","format":"standard","meta":{"_monsterinsights_skip_tracking":false,"_monsterinsights_sitenote_active":false,"_monsterinsights_sitenote_note":"","_monsterinsights_sitenote_category":0,"footnotes":""},"categories":[181],"tags":[11966,183,27223,8557,4796,18677,9132],"class_list":["post-123306","post","type-post","status-publish","format-standard","has-post-thumbnail","hentry","category-internacional","tag-alcanzar","tag-estados-unidos","tag-javier-milei","tag-nivel","tag-papa-francisco","tag-perdon","tag-promete","wp-image-borders"],"amp_enabled":true,"_links":{"self":[{"href":"https:\/\/nvnoticias.mx\/index.php\/wp-json\/wp\/v2\/posts\/123306","targetHints":{"allow":["GET"]}}],"collection":[{"href":"https:\/\/nvnoticias.mx\/index.php\/wp-json\/wp\/v2\/posts"}],"about":[{"href":"https:\/\/nvnoticias.mx\/index.php\/wp-json\/wp\/v2\/types\/post"}],"author":[{"embeddable":true,"href":"https:\/\/nvnoticias.mx\/index.php\/wp-json\/wp\/v2\/users\/35"}],"replies":[{"embeddable":true,"href":"https:\/\/nvnoticias.mx\/index.php\/wp-json\/wp\/v2\/comments?post=123306"}],"version-history":[{"count":4,"href":"https:\/\/nvnoticias.mx\/index.php\/wp-json\/wp\/v2\/posts\/123306\/revisions"}],"predecessor-version":[{"id":123311,"href":"https:\/\/nvnoticias.mx\/index.php\/wp-json\/wp\/v2\/posts\/123306\/revisions\/123311"}],"wp:featuredmedia":[{"embeddable":true,"href":"https:\/\/nvnoticias.mx\/index.php\/wp-json\/wp\/v2\/media\/123308"}],"wp:attachment":[{"href":"https:\/\/nvnoticias.mx\/index.php\/wp-json\/wp\/v2\/media?parent=123306"}],"wp:term":[{"taxonomy":"category","embeddable":true,"href":"https:\/\/nvnoticias.mx\/index.php\/wp-json\/wp\/v2\/categories?post=123306"},{"taxonomy":"post_tag","embeddable":true,"href":"https:\/\/nvnoticias.mx\/index.php\/wp-json\/wp\/v2\/tags?post=123306"}],"curies":[{"name":"wp","href":"https:\/\/api.w.org\/{rel}","templated":true}]}}