{"id":123194,"date":"2023-10-01T12:32:09","date_gmt":"2023-10-01T17:32:09","guid":{"rendered":"https:\/\/nvnoticias.mx\/?p=123194"},"modified":"2023-10-01T12:32:11","modified_gmt":"2023-10-01T17:32:11","slug":"suman-mas-de-8-millones-de-casos-de-infecciones-respiratorias-agudas-en-guanajuato","status":"publish","type":"post","link":"https:\/\/nvnoticias.mx\/index.php\/2023\/10\/01\/suman-mas-de-8-millones-de-casos-de-infecciones-respiratorias-agudas-en-guanajuato\/","title":{"rendered":"Suman m\u00e1s de 8 millones de casos de infecciones respiratorias agudas en Guanajuato"},"content":{"rendered":"\n<p>Las\u00a0<strong>enfermedades respiratorias agudas en Guanajuato\u00a0<\/strong>van en alza, teniendo un registro durante el primer semestre del 2023 un total de\u00a0<strong>8 millones 469 mil 696 atenciones<\/strong>, lo que representa un incremento del 30 por ciento en comparaci\u00f3n a este mismo periodo con respecto al 2022; as\u00ed lo reflejaron las cifras proporcionadas por la\u00a0<strong>Secretar\u00eda de Salud de Guanajuato<\/strong>.<\/p>\n\n\n\n<p>Tan s\u00f3lo en el 2022 se tuvieron durante el primer semestre un total de 6 millones 498 mil 365 casos. El secretario de Salud de Guanajuato, Daniel Alberto D\u00edaz Mart\u00ednez indic\u00f3 que entre el periodo del a\u00f1o anterior y este, representa un incremento significativo.<\/p>\n\n\n\n<p>Agreg\u00f3 que al ya hacerse presente algunas lluvias en el estado, durante esta temporada se incrementan estas enfermedades hasta un 10 por ciento, por lo que exhort\u00f3 a la poblaci\u00f3n a prevenirse ante estas temperaturas.<\/p>\n\n\n\n<p>El secretario de Salud coment\u00f3 que, con las lluvias puede llegar a presentarse la contaminaci\u00f3n de los alimentos con aguas residuales, esto es posible al presentarse una inundaci\u00f3n, por lo que es de suma importancia que la poblaci\u00f3n mantenga los alimentos y agua potable bien tapados, ya que al existir el contacto de aguas residuales con alimentos se puede repercutir en la salud, padeciendo hepatitis.<\/p>\n\n\n\n<blockquote class=\"wp-block-quote is-layout-flow wp-block-quote-is-layout-flow\"><p>\u201dLos resfriados no s\u00f3lo se dan en \u00e9poca de calor, en esta \u00e9poca tenemos un incremento como del cinco al diez por ciento de enfermedades respiratorias agudas\u201d, dijo.<\/p><\/blockquote>\n\n\n\n<p>Recomend\u00f3 a los ciudadanos a que en caso de tener un familiar o amigo que est\u00e9 pasando por un resfriado, mantener la sana distancia e invitarlos o canalizarlos a su centro de salud m\u00e1s cercano.<\/p>\n\n\n\n<blockquote class=\"wp-block-quote is-layout-flow wp-block-quote-is-layout-flow\"><p>\u201cPor ah\u00ed van a conocer personas que ya van a empezar con gripe o enfermedades respiratorias, hay que mantener la sanad distancia con ellos, canalizarlos a un centro de salud para evitar la diseminaci\u00f3n porque sigue circulando influenza, COVID, virus y bacterias de otro tipo\u201d, puntualiz\u00f3 D\u00edaz Mart\u00ednez.<\/p><\/blockquote>\n\n\n\n<p>Explic\u00f3 el funcionario estatal que, debido a los cambios bruscos de temperatura que se presentan por las precipitaciones, se presentan ma\u00f1anas y noches frescas, acompa\u00f1adas de d\u00edas calurosos, por lo que las personas est\u00e1n m\u00e1s expuestas a contraer estas enfermedades, que en el caso de no cuidarse, puede afectar predominantemente a la poblaci\u00f3n en los extremos de la vida y a la poblaci\u00f3n de cualquier edad con comorbilidades cr\u00f3nicas.<\/p>\n\n\n\n<p>Fuente: <a href=\"https:\/\/www.milenio.com\/politica\/comunidad\/casos-infecciones-respiratorias-agudas-suman-guanajuato\" data-type=\"URL\" data-id=\"https:\/\/www.milenio.com\/politica\/comunidad\/casos-infecciones-respiratorias-agudas-suman-guanajuato\">Milenio<\/a> <\/p>\n","protected":false},"excerpt":{"rendered":"<p>Las\u00a0enfermedades respiratorias agudas en Guanajuato\u00a0van en alza, teniendo un registro durante el primer semestre del 2023 un total de\u00a08 millones 469 mil 696 atenciones, lo que representa un incremento del 30 por ciento en comparaci\u00f3n a este mismo periodo con respecto al 2022; as\u00ed lo reflejaron las cifras proporcionadas por la\u00a0Secretar\u00eda de Salud de Guanajuato. [&hellip;]<\/p>\n","protected":false},"author":35,"featured_media":77911,"comment_status":"open","ping_status":"open","sticky":false,"template":"","format":"standard","meta":{"_monsterinsights_skip_tracking":false,"_monsterinsights_sitenote_active":false,"_monsterinsights_sitenote_note":"","_monsterinsights_sitenote_category":0,"footnotes":""},"categories":[157],"tags":[5072,9859,27570],"class_list":["post-123194","post","type-post","status-publish","format-standard","has-post-thumbnail","hentry","category-nacional","tag-guanajuato","tag-infecciones","tag-respiratorias-agudas","wp-image-borders"],"amp_enabled":true,"_links":{"self":[{"href":"https:\/\/nvnoticias.mx\/index.php\/wp-json\/wp\/v2\/posts\/123194","targetHints":{"allow":["GET"]}}],"collection":[{"href":"https:\/\/nvnoticias.mx\/index.php\/wp-json\/wp\/v2\/posts"}],"about":[{"href":"https:\/\/nvnoticias.mx\/index.php\/wp-json\/wp\/v2\/types\/post"}],"author":[{"embeddable":true,"href":"https:\/\/nvnoticias.mx\/index.php\/wp-json\/wp\/v2\/users\/35"}],"replies":[{"embeddable":true,"href":"https:\/\/nvnoticias.mx\/index.php\/wp-json\/wp\/v2\/comments?post=123194"}],"version-history":[{"count":3,"href":"https:\/\/nvnoticias.mx\/index.php\/wp-json\/wp\/v2\/posts\/123194\/revisions"}],"predecessor-version":[{"id":123197,"href":"https:\/\/nvnoticias.mx\/index.php\/wp-json\/wp\/v2\/posts\/123194\/revisions\/123197"}],"wp:featuredmedia":[{"embeddable":true,"href":"https:\/\/nvnoticias.mx\/index.php\/wp-json\/wp\/v2\/media\/77911"}],"wp:attachment":[{"href":"https:\/\/nvnoticias.mx\/index.php\/wp-json\/wp\/v2\/media?parent=123194"}],"wp:term":[{"taxonomy":"category","embeddable":true,"href":"https:\/\/nvnoticias.mx\/index.php\/wp-json\/wp\/v2\/categories?post=123194"},{"taxonomy":"post_tag","embeddable":true,"href":"https:\/\/nvnoticias.mx\/index.php\/wp-json\/wp\/v2\/tags?post=123194"}],"curies":[{"name":"wp","href":"https:\/\/api.w.org\/{rel}","templated":true}]}}