{"id":12315,"date":"2021-05-03T11:41:57","date_gmt":"2021-05-03T16:41:57","guid":{"rendered":"https:\/\/nvnoticias.mx\/?p=12315"},"modified":"2021-05-03T11:41:58","modified_gmt":"2021-05-03T16:41:58","slug":"marvel-celebra-a-las-peliculas","status":"publish","type":"post","link":"https:\/\/nvnoticias.mx\/index.php\/2021\/05\/03\/marvel-celebra-a-las-peliculas\/","title":{"rendered":"Marvel celebra a las pel\u00edculas."},"content":{"rendered":"\n<h2 class=\"wp-block-heading\">A trav\u00e9s de un video compartido en sus redes sociales, el estudio comparti\u00f3 un vistazo de sus futuros proyectos.<\/h2>\n\n\n\n<p><strong>Marvel Studios<\/strong> se ha posicionado como uno de los gigantes cinematogr\u00e1ficos gracias a la construcci\u00f3n de su <strong>Universo Cinematogr\u00e1fico<\/strong> que comenz\u00f3 en 2008 con <strong><em>Iron Man: El Hombre de Hierro<\/em>,<\/strong> que no s\u00f3lo trajo de vuelta a Robert Downey Jr., sino que sent\u00f3 las bases de lo que se convertir\u00eda en la franquicia m\u00e1s exitosa de los \u00faltimos a\u00f1os.<\/p>\n\n\n\n<p>Tras la \u00e9pica conclusi\u00f3n de su primera gran saga con <em><strong>Avengers: Endgame<\/strong><\/em>, Marvel est\u00e1 calentando motores para comenzar una nueva fase en su historia y nos ha regalado grandes series como <em>WandaVision, Falcon y El Soldado del Invierno<\/em> y la pr\u00f3xima <em>Loki.<\/em> Sin embargo, la toma de la gran pantalla ya es un hecho inminente.<\/p>\n\n\n\n<p>Con un video liberado a trav\u00e9s de sus redes sociales, el estudio comparti\u00f3 un vistazo a sus futuros proyectos cinematogr\u00e1ficos, as\u00ed como la revelaci\u00f3n de t\u00edtulos y fechas de estreno oficiales y algunos vistazos nuevos.<\/p>\n\n\n\n<figure class=\"wp-block-image size-large\"><img loading=\"lazy\" decoding=\"async\" width=\"1024\" height=\"581\" src=\"https:\/\/nvnoticias.mx\/wp-content\/uploads\/2021\/05\/E0KJHmtXsAMsnDm-1024x581.jpeg\" alt=\"\" class=\"wp-image-12321\" srcset=\"https:\/\/nvnoticias.mx\/wp-content\/uploads\/2021\/05\/E0KJHmtXsAMsnDm-1024x581.jpeg 1024w, https:\/\/nvnoticias.mx\/wp-content\/uploads\/2021\/05\/E0KJHmtXsAMsnDm-300x170.jpeg 300w, https:\/\/nvnoticias.mx\/wp-content\/uploads\/2021\/05\/E0KJHmtXsAMsnDm-768x435.jpeg 768w, https:\/\/nvnoticias.mx\/wp-content\/uploads\/2021\/05\/E0KJHmtXsAMsnDm-1536x871.jpeg 1536w, https:\/\/nvnoticias.mx\/wp-content\/uploads\/2021\/05\/E0KJHmtXsAMsnDm.jpeg 2048w\" sizes=\"auto, (max-width: 1024px) 100vw, 1024px\" \/><figcaption>Foto: Twitter<\/figcaption><\/figure>\n\n\n\n<p>Las primeras en la lista fueron la ya varias veces retrasada <em><strong>Black Widow<\/strong><\/em>, fechada para julio de este a\u00f1o y que contar\u00eda con el regreso de <strong>Scarlett Johansson<\/strong> en el papel de Natasha Romanoff en una historia m\u00e1s personal coreada por las grandiosas Rachel Weisz y Florence Pugh.<\/p>\n\n\n\n<p>El primer avance de<em><strong> Shang Chi y la Leyenda de los Diez Anillos<\/strong><\/em> prometi\u00f3 traer de vuelta ese feeling de las pel\u00edculas de torneos y artes marciales de las pel\u00edculas de los 80\u00b4s al m\u00e1s puro estilo de Marvel y se estrenar\u00e1 este mes de septiembre.<\/p>\n\n\n\n<figure class=\"wp-block-image size-large\"><img loading=\"lazy\" decoding=\"async\" width=\"1024\" height=\"514\" src=\"https:\/\/nvnoticias.mx\/wp-content\/uploads\/2021\/05\/Ez_Db9_UYAA35kW-1024x514.jpeg\" alt=\"\" class=\"wp-image-12322\" srcset=\"https:\/\/nvnoticias.mx\/wp-content\/uploads\/2021\/05\/Ez_Db9_UYAA35kW-1024x514.jpeg 1024w, https:\/\/nvnoticias.mx\/wp-content\/uploads\/2021\/05\/Ez_Db9_UYAA35kW-300x151.jpeg 300w, https:\/\/nvnoticias.mx\/wp-content\/uploads\/2021\/05\/Ez_Db9_UYAA35kW-768x385.jpeg 768w, https:\/\/nvnoticias.mx\/wp-content\/uploads\/2021\/05\/Ez_Db9_UYAA35kW.jpeg 1200w\" sizes=\"auto, (max-width: 1024px) 100vw, 1024px\" \/><figcaption>Foto: Twitter<\/figcaption><\/figure>\n\n\n\n<p>La primera gran sorpresa fueron los vistazos a <strong><em>Eternals<\/em><\/strong>, la cinta dirigida por la m\u00e1s reciente <strong>directora ganadora del <em>Premio Oscar<\/em><\/strong> <strong>Chlo\u00e9 Zhao<\/strong> y su fecha de estreno se ha fijado en el mes de noviembre, cerrando el a\u00f1o junto a la esperada y misteriosa <em><strong>Spider-Man: No Way Home <\/strong><\/em>\u00bfSer\u00e1 que finalmente veremos el <em>Spider-Verse<\/em>?<\/p>\n\n\n\n<figure class=\"wp-block-image size-large\"><img loading=\"lazy\" decoding=\"async\" width=\"1024\" height=\"883\" src=\"https:\/\/nvnoticias.mx\/wp-content\/uploads\/2021\/05\/Marvel_3-1024x883.png\" alt=\"\" class=\"wp-image-12323\" srcset=\"https:\/\/nvnoticias.mx\/wp-content\/uploads\/2021\/05\/Marvel_3-1024x883.png 1024w, https:\/\/nvnoticias.mx\/wp-content\/uploads\/2021\/05\/Marvel_3-300x259.png 300w, https:\/\/nvnoticias.mx\/wp-content\/uploads\/2021\/05\/Marvel_3-768x662.png 768w, https:\/\/nvnoticias.mx\/wp-content\/uploads\/2021\/05\/Marvel_3-1536x1324.png 1536w, https:\/\/nvnoticias.mx\/wp-content\/uploads\/2021\/05\/Marvel_3-2048x1766.png 2048w\" sizes=\"auto, (max-width: 1024px) 100vw, 1024px\" \/><figcaption>Foto: Twitter<\/figcaption><\/figure>\n\n\n\n<p><em><strong>Doctor Strange en el Multiverso de la Locura<\/strong><\/em> y <em><strong>Thor: Amor y Trueno<\/strong><\/em> ser\u00e1n las cintas que abrir\u00e1n el panorama del 2022, estren\u00e1ndose en marzo y mayo, respectivamente.<\/p>\n\n\n\n<p>Otra de las revelaciones que han causado revuelo son los t\u00edtulos oficiales para las secuelas de <em>Pantera Negra<\/em> y <em>Capitana Marvel<\/em>. El legado del fallecido actor <strong>Chadwick Boseman<\/strong> encontrar\u00e1 la forma de continuar en <em><strong>Black Panther: Wakanda Forever<\/strong><\/em>, que planea llegar al p\u00fablico en julio de 2022.<\/p>\n\n\n\n<figure class=\"wp-block-image size-large\"><img loading=\"lazy\" decoding=\"async\" width=\"1024\" height=\"576\" src=\"https:\/\/nvnoticias.mx\/wp-content\/uploads\/2021\/05\/Marvel_5-1024x576.png\" alt=\"\" class=\"wp-image-12324\" srcset=\"https:\/\/nvnoticias.mx\/wp-content\/uploads\/2021\/05\/Marvel_5-1024x576.png 1024w, https:\/\/nvnoticias.mx\/wp-content\/uploads\/2021\/05\/Marvel_5-300x169.png 300w, https:\/\/nvnoticias.mx\/wp-content\/uploads\/2021\/05\/Marvel_5-768x432.png 768w, https:\/\/nvnoticias.mx\/wp-content\/uploads\/2021\/05\/Marvel_5-1536x864.png 1536w, https:\/\/nvnoticias.mx\/wp-content\/uploads\/2021\/05\/Marvel_5-2048x1152.png 2048w, https:\/\/nvnoticias.mx\/wp-content\/uploads\/2021\/05\/Marvel_5-600x337.png 600w\" sizes=\"auto, (max-width: 1024px) 100vw, 1024px\" \/><figcaption>Foto: Twitter<\/figcaption><\/figure>\n\n\n\n<p>Por su parte, <strong>Brie Larson<\/strong> regresar\u00e1 como Capitana Marvel en noviembre de 2022 protagonizando <strong><em>The Marvels<\/em><\/strong>, donde ser\u00e1 coreada por los personajes de <strong>Teyonah Parris<\/strong>, a quien conocimos a la serie <em>WandaVision<\/em> como la versi\u00f3n adulta de Monica Rambeau, as\u00ed como de <strong>Iman Vellani<\/strong>, quien portar\u00e1 el manto de <em><strong>Ms. Marvel<\/strong><\/em> en su propia serie.<\/p>\n\n\n\n<figure class=\"wp-block-image size-large\"><img loading=\"lazy\" decoding=\"async\" width=\"1024\" height=\"576\" src=\"https:\/\/nvnoticias.mx\/wp-content\/uploads\/2021\/05\/Marvel_6-1024x576.png\" alt=\"\" class=\"wp-image-12325\" srcset=\"https:\/\/nvnoticias.mx\/wp-content\/uploads\/2021\/05\/Marvel_6-1024x576.png 1024w, https:\/\/nvnoticias.mx\/wp-content\/uploads\/2021\/05\/Marvel_6-300x169.png 300w, https:\/\/nvnoticias.mx\/wp-content\/uploads\/2021\/05\/Marvel_6-768x432.png 768w, https:\/\/nvnoticias.mx\/wp-content\/uploads\/2021\/05\/Marvel_6-1536x864.png 1536w, https:\/\/nvnoticias.mx\/wp-content\/uploads\/2021\/05\/Marvel_6-2048x1152.png 2048w, https:\/\/nvnoticias.mx\/wp-content\/uploads\/2021\/05\/Marvel_6-600x337.png 600w\" sizes=\"auto, (max-width: 1024px) 100vw, 1024px\" \/><figcaption>Foto: Twitter<\/figcaption><\/figure>\n\n\n\n<p><strong><em>Antman &amp; The Wasp. Quantumania<\/em><\/strong> abrir\u00e1 el calendario de 2023, que adem\u00e1s incluye el regreso de los <strong><em>Guardianes de la Galaxia<\/em><\/strong> con su tercera entrega programada para mayo.<\/p>\n\n\n\n<figure class=\"wp-block-image size-large\"><img loading=\"lazy\" decoding=\"async\" width=\"1024\" height=\"883\" src=\"https:\/\/nvnoticias.mx\/wp-content\/uploads\/2021\/05\/Marvel_7-1024x883.png\" alt=\"\" class=\"wp-image-12326\" srcset=\"https:\/\/nvnoticias.mx\/wp-content\/uploads\/2021\/05\/Marvel_7-1024x883.png 1024w, https:\/\/nvnoticias.mx\/wp-content\/uploads\/2021\/05\/Marvel_7-300x259.png 300w, https:\/\/nvnoticias.mx\/wp-content\/uploads\/2021\/05\/Marvel_7-768x662.png 768w, https:\/\/nvnoticias.mx\/wp-content\/uploads\/2021\/05\/Marvel_7-1536x1324.png 1536w, https:\/\/nvnoticias.mx\/wp-content\/uploads\/2021\/05\/Marvel_7-2048x1765.png 2048w\" sizes=\"auto, (max-width: 1024px) 100vw, 1024px\" \/><figcaption>Foto: Twitter<\/figcaption><\/figure>\n\n\n\n<p>Y finalmente, el video cierra con el anuncio de la integraci\u00f3n de la primera familia de superh\u00e9roes creada por <strong>Stan Lee<\/strong> y <strong>Jack Kirby<\/strong> al Universo Cinematogr\u00e1fico de Marvel, con la sencilla y emocionante presentaci\u00f3n del logo de <em><strong>Los 4 Fant\u00e1sticos<\/strong><\/em>, de los cuales esperamos tener noticias pronto.<\/p>\n\n\n\n<figure class=\"wp-block-image size-large\"><img loading=\"lazy\" decoding=\"async\" width=\"1024\" height=\"1024\" src=\"https:\/\/nvnoticias.mx\/wp-content\/uploads\/2021\/05\/Marvel_8-1024x1024.png\" alt=\"\" class=\"wp-image-12327\" srcset=\"https:\/\/nvnoticias.mx\/wp-content\/uploads\/2021\/05\/Marvel_8-1024x1024.png 1024w, https:\/\/nvnoticias.mx\/wp-content\/uploads\/2021\/05\/Marvel_8-300x300.png 300w, https:\/\/nvnoticias.mx\/wp-content\/uploads\/2021\/05\/Marvel_8-150x150.png 150w, https:\/\/nvnoticias.mx\/wp-content\/uploads\/2021\/05\/Marvel_8-768x768.png 768w, https:\/\/nvnoticias.mx\/wp-content\/uploads\/2021\/05\/Marvel_8-1536x1536.png 1536w, https:\/\/nvnoticias.mx\/wp-content\/uploads\/2021\/05\/Marvel_8-2048x2048.png 2048w, https:\/\/nvnoticias.mx\/wp-content\/uploads\/2021\/05\/Marvel_8-600x600.png 600w, https:\/\/nvnoticias.mx\/wp-content\/uploads\/2021\/05\/Marvel_8-100x100.png 100w\" sizes=\"auto, (max-width: 1024px) 100vw, 1024px\" \/><figcaption>Foto: Twitter<\/figcaption><\/figure>\n\n\n\n<p><\/p>\n","protected":false},"excerpt":{"rendered":"<p>A trav\u00e9s de un video compartido en sus redes sociales, el estudio comparti\u00f3 un vistazo de sus futuros proyectos. Marvel Studios se ha posicionado como uno de los gigantes cinematogr\u00e1ficos gracias a la construcci\u00f3n de su Universo Cinematogr\u00e1fico que comenz\u00f3 en 2008 con Iron Man: El Hombre de Hierro, que no s\u00f3lo trajo de vuelta [&hellip;]<\/p>\n","protected":false},"author":35,"featured_media":12319,"comment_status":"open","ping_status":"open","sticky":false,"template":"","format":"standard","meta":{"_monsterinsights_skip_tracking":false,"_monsterinsights_sitenote_active":false,"_monsterinsights_sitenote_note":"","_monsterinsights_sitenote_category":0,"footnotes":""},"categories":[576],"tags":[3394,3386,3387,3393,2323,3391,3389,1887,3384,3388,3390,3385,3392,3383],"class_list":["post-12315","post","type-post","status-publish","format-standard","has-post-thumbnail","hentry","category-ocio","tag-antman","tag-avengers","tag-black-widow","tag-capitana-marvel","tag-cine","tag-doctor-strange","tag-eternals","tag-marvel","tag-marvel-studios","tag-shang-chi-2","tag-spider-man","tag-superheroes","tag-thor","tag-universo-cinematografico-de-marvel","wp-image-borders"],"amp_enabled":true,"_links":{"self":[{"href":"https:\/\/nvnoticias.mx\/index.php\/wp-json\/wp\/v2\/posts\/12315","targetHints":{"allow":["GET"]}}],"collection":[{"href":"https:\/\/nvnoticias.mx\/index.php\/wp-json\/wp\/v2\/posts"}],"about":[{"href":"https:\/\/nvnoticias.mx\/index.php\/wp-json\/wp\/v2\/types\/post"}],"author":[{"embeddable":true,"href":"https:\/\/nvnoticias.mx\/index.php\/wp-json\/wp\/v2\/users\/35"}],"replies":[{"embeddable":true,"href":"https:\/\/nvnoticias.mx\/index.php\/wp-json\/wp\/v2\/comments?post=12315"}],"version-history":[{"count":1,"href":"https:\/\/nvnoticias.mx\/index.php\/wp-json\/wp\/v2\/posts\/12315\/revisions"}],"predecessor-version":[{"id":12328,"href":"https:\/\/nvnoticias.mx\/index.php\/wp-json\/wp\/v2\/posts\/12315\/revisions\/12328"}],"wp:featuredmedia":[{"embeddable":true,"href":"https:\/\/nvnoticias.mx\/index.php\/wp-json\/wp\/v2\/media\/12319"}],"wp:attachment":[{"href":"https:\/\/nvnoticias.mx\/index.php\/wp-json\/wp\/v2\/media?parent=12315"}],"wp:term":[{"taxonomy":"category","embeddable":true,"href":"https:\/\/nvnoticias.mx\/index.php\/wp-json\/wp\/v2\/categories?post=12315"},{"taxonomy":"post_tag","embeddable":true,"href":"https:\/\/nvnoticias.mx\/index.php\/wp-json\/wp\/v2\/tags?post=12315"}],"curies":[{"name":"wp","href":"https:\/\/api.w.org\/{rel}","templated":true}]}}