{"id":123148,"date":"2023-10-01T11:14:44","date_gmt":"2023-10-01T16:14:44","guid":{"rendered":"https:\/\/nvnoticias.mx\/?p=123148"},"modified":"2023-10-01T11:14:45","modified_gmt":"2023-10-01T16:14:45","slug":"asegura-comision-de-morena-imparcialidad-en-queja-de-ebrard-contra-proceso-interno","status":"publish","type":"post","link":"https:\/\/nvnoticias.mx\/index.php\/2023\/10\/01\/asegura-comision-de-morena-imparcialidad-en-queja-de-ebrard-contra-proceso-interno\/","title":{"rendered":"Asegura Comisi\u00f3n de Morena imparcialidad en queja de Ebrard contra proceso interno"},"content":{"rendered":"\n<p>La<strong>\u00a0Comisi\u00f3n de Honestidad y Justicia de Morena<\/strong>\u00a0garantiz\u00f3 que atender\u00e1 con independencia, imparcialidad y objetividad el proceso iniciado por\u00a0Marcelo Ebrard\u00a0contra el procedimiento de<strong>\u00a0elecci\u00f3n de la coordinaci\u00f3n nacional\u00a0<\/strong>de los comit\u00e9s de defensa de la cuarta transformaci\u00f3n.<\/p>\n\n\n\n<p>Explic\u00f3 que este 30 de septiembre admiti\u00f3 en tiempo y forma la queja presentada por el<strong>\u00a0ex canciller\u00a0<\/strong>el pasado 10 de septiembre y adelant\u00f3 que las subsecuentes etapas del procedimiento sancionador ordinario, tambi\u00e9n \u201cse desahogar\u00e1n en estricto apego a la temporalidad establecida en la normatividad interna vigente\u201d y con fundamento en el estatuto del partido y el reglamento de la propia Comisi\u00f3n.<\/p>\n\n\n\n<p>\u200bLa instancia interna para desahogar inconformidades se\u00f1al\u00f3 que ha dado \u201ccauce a todas y cada una de las quejas presentadas por la militancia al respecto\u201d y que el procedimiento sancionador ordinario es el adecuado para resolver dichos recursos de apelaci\u00f3n, previstos en el t\u00edtulo octavo del\u00a0reglamento.<\/p>\n\n\n\n<blockquote class=\"wp-block-quote is-layout-flow wp-block-quote-is-layout-flow\"><p>\u201cEl actuar de esta Comisi\u00f3n se ha dado siempre en cabal cumplimiento a citado Estatuto y Reglamento, a efecto de salvaguardar los derechos fundamentales de las y los protagonistas del cambio verdadero, sin distingos, en igualdad, atendiendo el debido proceso, con independencia y en observancia a los principios de imparcialidad y objetividad. Al margen de la ley nada, por encima de la ley nadie\u201d, concluy\u00f3 la Comisi\u00f3n de Honestidad, cuyo lema es \u201cConciliaci\u00f3n antes que sanci\u00f3n\u201d.<\/p><\/blockquote>\n\n\n\n<p>Fuente: <a href=\"https:\/\/www.milenio.com\/politica\/elecciones\/morena-asegura-atendera-caso-ebrard-proceso-interno\" data-type=\"URL\" data-id=\"https:\/\/www.milenio.com\/politica\/elecciones\/morena-asegura-atendera-caso-ebrard-proceso-interno\">Milenio<\/a> <\/p>\n","protected":false},"excerpt":{"rendered":"<p>La\u00a0Comisi\u00f3n de Honestidad y Justicia de Morena\u00a0garantiz\u00f3 que atender\u00e1 con independencia, imparcialidad y objetividad el proceso iniciado por\u00a0Marcelo Ebrard\u00a0contra el procedimiento de\u00a0elecci\u00f3n de la coordinaci\u00f3n nacional\u00a0de los comit\u00e9s de defensa de la cuarta transformaci\u00f3n. Explic\u00f3 que este 30 de septiembre admiti\u00f3 en tiempo y forma la queja presentada por el\u00a0ex canciller\u00a0el pasado 10 de septiembre [&hellip;]<\/p>\n","protected":false},"author":35,"featured_media":117630,"comment_status":"open","ping_status":"open","sticky":false,"template":"","format":"standard","meta":{"_monsterinsights_skip_tracking":false,"_monsterinsights_sitenote_active":false,"_monsterinsights_sitenote_note":"","_monsterinsights_sitenote_category":0,"footnotes":""},"categories":[158],"tags":[7328,27564,5053,391,162,7532],"class_list":["post-123148","post","type-post","status-publish","format-standard","has-post-thumbnail","hentry","category-politica","tag-asegura","tag-comision-de-morena","tag-imparcialidad","tag-marcelo-ebrard","tag-portada","tag-queja","wp-image-borders"],"amp_enabled":true,"_links":{"self":[{"href":"https:\/\/nvnoticias.mx\/index.php\/wp-json\/wp\/v2\/posts\/123148","targetHints":{"allow":["GET"]}}],"collection":[{"href":"https:\/\/nvnoticias.mx\/index.php\/wp-json\/wp\/v2\/posts"}],"about":[{"href":"https:\/\/nvnoticias.mx\/index.php\/wp-json\/wp\/v2\/types\/post"}],"author":[{"embeddable":true,"href":"https:\/\/nvnoticias.mx\/index.php\/wp-json\/wp\/v2\/users\/35"}],"replies":[{"embeddable":true,"href":"https:\/\/nvnoticias.mx\/index.php\/wp-json\/wp\/v2\/comments?post=123148"}],"version-history":[{"count":3,"href":"https:\/\/nvnoticias.mx\/index.php\/wp-json\/wp\/v2\/posts\/123148\/revisions"}],"predecessor-version":[{"id":123151,"href":"https:\/\/nvnoticias.mx\/index.php\/wp-json\/wp\/v2\/posts\/123148\/revisions\/123151"}],"wp:featuredmedia":[{"embeddable":true,"href":"https:\/\/nvnoticias.mx\/index.php\/wp-json\/wp\/v2\/media\/117630"}],"wp:attachment":[{"href":"https:\/\/nvnoticias.mx\/index.php\/wp-json\/wp\/v2\/media?parent=123148"}],"wp:term":[{"taxonomy":"category","embeddable":true,"href":"https:\/\/nvnoticias.mx\/index.php\/wp-json\/wp\/v2\/categories?post=123148"},{"taxonomy":"post_tag","embeddable":true,"href":"https:\/\/nvnoticias.mx\/index.php\/wp-json\/wp\/v2\/tags?post=123148"}],"curies":[{"name":"wp","href":"https:\/\/api.w.org\/{rel}","templated":true}]}}