{"id":123060,"date":"2023-09-30T05:25:00","date_gmt":"2023-09-30T10:25:00","guid":{"rendered":"https:\/\/nvnoticias.mx\/?p=123060"},"modified":"2023-09-30T01:31:13","modified_gmt":"2023-09-30T06:31:13","slug":"refuta-mexico-observaciones-del-grupo-de-trabajo-de-la-onu-sobre-la-detencion-arbitraria","status":"publish","type":"post","link":"https:\/\/nvnoticias.mx\/index.php\/2023\/09\/30\/refuta-mexico-observaciones-del-grupo-de-trabajo-de-la-onu-sobre-la-detencion-arbitraria\/","title":{"rendered":"Refuta M\u00e9xico observaciones del Grupo de Trabajo de la ONU sobre la Detenci\u00f3n Arbitraria"},"content":{"rendered":"\n<p><a class=\"\" href=\"https:\/\/www.eluniversal.com.mx\/tendencias\/que-es-la-enfermedad-isquemica-y-como-puedes-cuidarte-para-prevenirla\/\"><\/a>Se concluy\u00f3 la visita a nuestro pa\u00eds del Grupo de Trabajo de las\u00a0<strong>Naciones Unidas\u00a0<\/strong>sobre la Detenci\u00f3n Arbitraria\u00a0<strong>(GTDA)<\/strong>, la cual se desarroll\u00f3 del 18 al 29 de septiembre y en la que se hicieron algunas observaciones.<\/p>\n\n\n\n<p>Las Secretar\u00edas de Relaciones Exteriores y de Gobernaci\u00f3n informaron que en 12 d\u00edas de trabajo, el Grupo sostuvo 19 reuniones con 44 instituciones federales y locales de\u00a0<strong>Chiapas<\/strong>, Nuevo Le\u00f3n y Ciudad de M\u00e9xico.<\/p>\n\n\n\n<p>En atenci\u00f3n a su mandato, la delegaci\u00f3n del GTDA realiz\u00f3 visitas a centros federales de readaptaci\u00f3n social; a instalaciones migratorias; as\u00ed como a centros estatales de reinserci\u00f3n social y de adolescentes en conflicto con la ley; de igual manera visitaron nosocomios de especialidades de\u00a0<strong>salud mental\u00a0<\/strong>y centros de asistencia e integraci\u00f3n social.PUBLICIDAD<\/p>\n\n\n\n<p>El Grupo de Trabajo se\u00f1al\u00f3 dentro de sus observaciones que el modelo de presunci\u00f3n de inocencia, ahora prescrito como principio rector en el sistema jur\u00eddico mexicano, &#8220;es fundamental para evitar la detenci\u00f3n arbitraria&#8221; .<\/p>\n\n\n\n<p>El GTDA se\u00f1al\u00f3 tambi\u00e9n que, en seguimiento a su recomendaci\u00f3n anterior, en 2019 se introdujo una reforma constitucional que estableci\u00f3 el Registro Nacional de Detenciones (RND), en virtud del cual las detenciones deben ser inscritas dentro de las cinco horas siguientes a la privaci\u00f3n de la libertad, y formularon diversas observaciones para su fortalecimiento.<\/p>\n\n\n\n<p>Fuente: <a href=\"https:\/\/www.eluniversal.com.mx\/nacion\/mexico-refuta-observaciones-del-grupo-de-trabajo-de-la-onu-sobre-la-detencion-arbitraria\/\" data-type=\"URL\" data-id=\"https:\/\/www.eluniversal.com.mx\/nacion\/mexico-refuta-observaciones-del-grupo-de-trabajo-de-la-onu-sobre-la-detencion-arbitraria\/\">El Universal<\/a> <\/p>\n","protected":false},"excerpt":{"rendered":"<p>Se concluy\u00f3 la visita a nuestro pa\u00eds del Grupo de Trabajo de las\u00a0Naciones Unidas\u00a0sobre la Detenci\u00f3n Arbitraria\u00a0(GTDA), la cual se desarroll\u00f3 del 18 al 29 de septiembre y en la que se hicieron algunas observaciones. Las Secretar\u00edas de Relaciones Exteriores y de Gobernaci\u00f3n informaron que en 12 d\u00edas de trabajo, el Grupo sostuvo 19 reuniones [&hellip;]<\/p>\n","protected":false},"author":35,"featured_media":60062,"comment_status":"open","ping_status":"open","sticky":false,"template":"","format":"standard","meta":{"_monsterinsights_skip_tracking":false,"_monsterinsights_sitenote_active":false,"_monsterinsights_sitenote_note":"","_monsterinsights_sitenote_category":0,"footnotes":""},"categories":[157],"tags":[24293,27549,292,18474,513,21605],"class_list":["post-123060","post","type-post","status-publish","format-standard","has-post-thumbnail","hentry","category-nacional","tag-detencion-arbitraria","tag-grupo-de-trabajo","tag-mexico","tag-observaciones","tag-onu","tag-refuta","wp-image-borders"],"amp_enabled":true,"_links":{"self":[{"href":"https:\/\/nvnoticias.mx\/index.php\/wp-json\/wp\/v2\/posts\/123060","targetHints":{"allow":["GET"]}}],"collection":[{"href":"https:\/\/nvnoticias.mx\/index.php\/wp-json\/wp\/v2\/posts"}],"about":[{"href":"https:\/\/nvnoticias.mx\/index.php\/wp-json\/wp\/v2\/types\/post"}],"author":[{"embeddable":true,"href":"https:\/\/nvnoticias.mx\/index.php\/wp-json\/wp\/v2\/users\/35"}],"replies":[{"embeddable":true,"href":"https:\/\/nvnoticias.mx\/index.php\/wp-json\/wp\/v2\/comments?post=123060"}],"version-history":[{"count":3,"href":"https:\/\/nvnoticias.mx\/index.php\/wp-json\/wp\/v2\/posts\/123060\/revisions"}],"predecessor-version":[{"id":123063,"href":"https:\/\/nvnoticias.mx\/index.php\/wp-json\/wp\/v2\/posts\/123060\/revisions\/123063"}],"wp:featuredmedia":[{"embeddable":true,"href":"https:\/\/nvnoticias.mx\/index.php\/wp-json\/wp\/v2\/media\/60062"}],"wp:attachment":[{"href":"https:\/\/nvnoticias.mx\/index.php\/wp-json\/wp\/v2\/media?parent=123060"}],"wp:term":[{"taxonomy":"category","embeddable":true,"href":"https:\/\/nvnoticias.mx\/index.php\/wp-json\/wp\/v2\/categories?post=123060"},{"taxonomy":"post_tag","embeddable":true,"href":"https:\/\/nvnoticias.mx\/index.php\/wp-json\/wp\/v2\/tags?post=123060"}],"curies":[{"name":"wp","href":"https:\/\/api.w.org\/{rel}","templated":true}]}}