{"id":122994,"date":"2023-09-29T14:29:07","date_gmt":"2023-09-29T19:29:07","guid":{"rendered":"https:\/\/nvnoticias.mx\/?p=122994"},"modified":"2023-09-29T14:29:08","modified_gmt":"2023-09-29T19:29:08","slug":"deja-dante-delgado-abierta-la-posibilidad-de-ir-con-ebrard-como-candidato-de-mc-en-2024","status":"publish","type":"post","link":"https:\/\/nvnoticias.mx\/index.php\/2023\/09\/29\/deja-dante-delgado-abierta-la-posibilidad-de-ir-con-ebrard-como-candidato-de-mc-en-2024\/","title":{"rendered":"Deja Dante Delgado abierta la posibilidad de ir con Ebrard como candidato de MC en 2024"},"content":{"rendered":"\n<p><strong>Dante Delgado<\/strong>, dirigente nacional de\u00a0<strong>Movimiento Ciudadano<\/strong>, dej\u00f3 abierta la posibilidad de que\u00a0<strong>Marcelo Ebrard<\/strong>\u00a0sea su\u00a0<strong>candidato presidencial en el 2024<\/strong>.<\/p>\n\n\n\n<p>En entrevista en el marco de la reuni\u00f3n de la Coordinadora Ciudadana Nacional de Movimiento Ciudadano, en la que se emitir\u00e1 la convocatoria para todos los cargos de elecci\u00f3n del partido en los pr\u00f3ximos comicios, fue cuestionado sobre la posibilidad de que Ebrard se registre como aspirante externo a dicha candidatura.<\/p>\n\n\n\n<p>&#8220;Tenemos que aprobar la convocatoria y les vuelvo a decir y vean los documentos b\u00e1sicos: al menos el 50 por ciento de las candidaturas de Movimiento Ciudadano en todos los niveles, municipal, estatal y federal son provenientes de la ciudadan\u00eda&#8221;.<\/p>\n\n\n\n<p>Agreg\u00f3 que deben tener un trabajo acreditado en diferentes disciplinas, &#8220;incluido el servicio p\u00fablico&#8221;.<\/p>\n\n\n\n<p>Sin embargo, pidi\u00f3 esperar que se vote la convocatoria para las candidaturas en todo el pa\u00eds.<\/p>\n\n\n\n<p>Cuestionado sobre el conflicto con el gobernador de Jalisco, Enrique Alfaro, y las aguas siguen agotadas, Dante Delgado rechazo que hayan estado &#8220;turbulentas&#8221;.<\/p>\n\n\n\n<p>Fuente: <a href=\"https:\/\/www.eluniversal.com.mx\/elecciones\/dante-delgado-deja-abierta-la-posibilidad-de-ir-con-ebrard-como-candidato-de-mc-en-2024\/\" data-type=\"URL\" data-id=\"https:\/\/www.eluniversal.com.mx\/elecciones\/dante-delgado-deja-abierta-la-posibilidad-de-ir-con-ebrard-como-candidato-de-mc-en-2024\/\">El Universal<\/a> <\/p>\n","protected":false},"excerpt":{"rendered":"<p>Dante Delgado, dirigente nacional de\u00a0Movimiento Ciudadano, dej\u00f3 abierta la posibilidad de que\u00a0Marcelo Ebrard\u00a0sea su\u00a0candidato presidencial en el 2024. En entrevista en el marco de la reuni\u00f3n de la Coordinadora Ciudadana Nacional de Movimiento Ciudadano, en la que se emitir\u00e1 la convocatoria para todos los cargos de elecci\u00f3n del partido en los pr\u00f3ximos comicios, fue cuestionado [&hellip;]<\/p>\n","protected":false},"author":35,"featured_media":86520,"comment_status":"open","ping_status":"open","sticky":false,"template":"","format":"standard","meta":{"_monsterinsights_skip_tracking":false,"_monsterinsights_sitenote_active":false,"_monsterinsights_sitenote_note":"","_monsterinsights_sitenote_category":0,"footnotes":""},"categories":[158],"tags":[3254,391,687,162],"class_list":["post-122994","post","type-post","status-publish","format-standard","has-post-thumbnail","hentry","category-politica","tag-dante-delgado","tag-marcelo-ebrard","tag-movimiento-ciudadano","tag-portada","wp-image-borders"],"amp_enabled":true,"_links":{"self":[{"href":"https:\/\/nvnoticias.mx\/index.php\/wp-json\/wp\/v2\/posts\/122994","targetHints":{"allow":["GET"]}}],"collection":[{"href":"https:\/\/nvnoticias.mx\/index.php\/wp-json\/wp\/v2\/posts"}],"about":[{"href":"https:\/\/nvnoticias.mx\/index.php\/wp-json\/wp\/v2\/types\/post"}],"author":[{"embeddable":true,"href":"https:\/\/nvnoticias.mx\/index.php\/wp-json\/wp\/v2\/users\/35"}],"replies":[{"embeddable":true,"href":"https:\/\/nvnoticias.mx\/index.php\/wp-json\/wp\/v2\/comments?post=122994"}],"version-history":[{"count":3,"href":"https:\/\/nvnoticias.mx\/index.php\/wp-json\/wp\/v2\/posts\/122994\/revisions"}],"predecessor-version":[{"id":122997,"href":"https:\/\/nvnoticias.mx\/index.php\/wp-json\/wp\/v2\/posts\/122994\/revisions\/122997"}],"wp:featuredmedia":[{"embeddable":true,"href":"https:\/\/nvnoticias.mx\/index.php\/wp-json\/wp\/v2\/media\/86520"}],"wp:attachment":[{"href":"https:\/\/nvnoticias.mx\/index.php\/wp-json\/wp\/v2\/media?parent=122994"}],"wp:term":[{"taxonomy":"category","embeddable":true,"href":"https:\/\/nvnoticias.mx\/index.php\/wp-json\/wp\/v2\/categories?post=122994"},{"taxonomy":"post_tag","embeddable":true,"href":"https:\/\/nvnoticias.mx\/index.php\/wp-json\/wp\/v2\/tags?post=122994"}],"curies":[{"name":"wp","href":"https:\/\/api.w.org\/{rel}","templated":true}]}}