{"id":122956,"date":"2023-09-29T11:22:10","date_gmt":"2023-09-29T16:22:10","guid":{"rendered":"https:\/\/nvnoticias.mx\/?p=122956"},"modified":"2023-09-29T11:22:12","modified_gmt":"2023-09-29T16:22:12","slug":"se-deslinda-sheinbaum-de-publicidad-en-times-square","status":"publish","type":"post","link":"https:\/\/nvnoticias.mx\/index.php\/2023\/09\/29\/se-deslinda-sheinbaum-de-publicidad-en-times-square\/","title":{"rendered":"Se deslinda Sheinbaum de publicidad en Times Square"},"content":{"rendered":"\n<p>La aspirante presidencial de Morena,&nbsp;Claudia Sheinbaum, se deslind\u00f3 de&nbsp;la publicidad exhibida en las pantallas de Times Square&nbsp;en Nueva York, Estados Unidos.<\/p>\n\n\n\n<p>La coordinadora nacional de los Comit\u00e9s en Defensa de la Cuarta Transformaci\u00f3n dijo que \u201cfue&nbsp;<strong>una persona que quiso quedar bien\u201d<\/strong>&nbsp;la que pag\u00f3 los 40 d\u00f3lares que vale dicha publicidad.<\/p>\n\n\n\n<blockquote class=\"wp-block-quote is-layout-flow wp-block-quote-is-layout-flow\"><p>&#8220;Ya nos deslindamos ante el Instituto&nbsp;Nacional Electoral (\u2026) Ya se aclar\u00f3, fue una persona que quiso quedar bien&#8221;, asever\u00f3 Sheinbaum Pardo en referencia a&nbsp;<strong>El\u00edas Miguel Moreno Brizuela<\/strong>, quien fuera funcionario en el gobierno de Marcelo Ebrard en la Ciudad de M\u00e9xico.<\/p><\/blockquote>\n\n\n\n<p>Luego de inaugurar el foro de negocios Expansi\u00f3n Summit, la aspirante presidencial de Morena hizo un llamado a sus simpatizantes a&nbsp;<strong>no replicar este tipo de acciones<\/strong>&nbsp;y mejor apoyar en redes sociales.<\/p>\n\n\n\n<p>Por su parte, el dirigente nacional de Morena, Mario Delgado, se refiri\u00f3 a Moreno Brizuela como \u201cqueda bien\u201d y reconoci\u00f3 que este tipo de acciones no ayudan.<\/p>\n\n\n\n<blockquote class=\"wp-block-quote is-layout-flow wp-block-quote-is-layout-flow\"><p>\u201cParece que ah\u00ed un queda bien lo pag\u00f3 para que saliera pero no nos ayuda eso, hay que pedirles a todos los militantes y simpatizantes que no ayudan ese tipo de acciones\u201d, subray\u00f3.<\/p><\/blockquote>\n\n\n\n<p>Fuente: <a href=\"https:\/\/www.milenio.com\/politica\/elecciones\/sheinbaum-se-deslinda-de-publicidad-en-times-square\" data-type=\"URL\" data-id=\"https:\/\/www.milenio.com\/politica\/elecciones\/sheinbaum-se-deslinda-de-publicidad-en-times-square\">Milenio<\/a><\/p>\n","protected":false},"excerpt":{"rendered":"<p>La aspirante presidencial de Morena,&nbsp;Claudia Sheinbaum, se deslind\u00f3 de&nbsp;la publicidad exhibida en las pantallas de Times Square&nbsp;en Nueva York, Estados Unidos. La coordinadora nacional de los Comit\u00e9s en Defensa de la Cuarta Transformaci\u00f3n dijo que \u201cfue&nbsp;una persona que quiso quedar bien\u201d&nbsp;la que pag\u00f3 los 40 d\u00f3lares que vale dicha publicidad. &#8220;Ya nos deslindamos ante el [&hellip;]<\/p>\n","protected":false},"author":35,"featured_media":122958,"comment_status":"open","ping_status":"open","sticky":false,"template":"","format":"standard","meta":{"_monsterinsights_skip_tracking":false,"_monsterinsights_sitenote_active":false,"_monsterinsights_sitenote_note":"","_monsterinsights_sitenote_category":0,"footnotes":""},"categories":[157],"tags":[2801,11322,18137,7188],"class_list":["post-122956","post","type-post","status-publish","format-standard","has-post-thumbnail","hentry","category-nacional","tag-claudia-sheinbaum","tag-publicidad","tag-se-deslinda","tag-times-square","wp-image-borders"],"amp_enabled":true,"_links":{"self":[{"href":"https:\/\/nvnoticias.mx\/index.php\/wp-json\/wp\/v2\/posts\/122956","targetHints":{"allow":["GET"]}}],"collection":[{"href":"https:\/\/nvnoticias.mx\/index.php\/wp-json\/wp\/v2\/posts"}],"about":[{"href":"https:\/\/nvnoticias.mx\/index.php\/wp-json\/wp\/v2\/types\/post"}],"author":[{"embeddable":true,"href":"https:\/\/nvnoticias.mx\/index.php\/wp-json\/wp\/v2\/users\/35"}],"replies":[{"embeddable":true,"href":"https:\/\/nvnoticias.mx\/index.php\/wp-json\/wp\/v2\/comments?post=122956"}],"version-history":[{"count":3,"href":"https:\/\/nvnoticias.mx\/index.php\/wp-json\/wp\/v2\/posts\/122956\/revisions"}],"predecessor-version":[{"id":122960,"href":"https:\/\/nvnoticias.mx\/index.php\/wp-json\/wp\/v2\/posts\/122956\/revisions\/122960"}],"wp:featuredmedia":[{"embeddable":true,"href":"https:\/\/nvnoticias.mx\/index.php\/wp-json\/wp\/v2\/media\/122958"}],"wp:attachment":[{"href":"https:\/\/nvnoticias.mx\/index.php\/wp-json\/wp\/v2\/media?parent=122956"}],"wp:term":[{"taxonomy":"category","embeddable":true,"href":"https:\/\/nvnoticias.mx\/index.php\/wp-json\/wp\/v2\/categories?post=122956"},{"taxonomy":"post_tag","embeddable":true,"href":"https:\/\/nvnoticias.mx\/index.php\/wp-json\/wp\/v2\/tags?post=122956"}],"curies":[{"name":"wp","href":"https:\/\/api.w.org\/{rel}","templated":true}]}}