{"id":122934,"date":"2023-09-29T10:32:55","date_gmt":"2023-09-29T15:32:55","guid":{"rendered":"https:\/\/nvnoticias.mx\/?p=122934"},"modified":"2023-09-29T10:32:57","modified_gmt":"2023-09-29T15:32:57","slug":"reconoce-amlo-a-elon-musk-por-visitar-la-frontera-y-llamar-a-legalizar-a-migrantes-en-eu","status":"publish","type":"post","link":"https:\/\/nvnoticias.mx\/index.php\/2023\/09\/29\/reconoce-amlo-a-elon-musk-por-visitar-la-frontera-y-llamar-a-legalizar-a-migrantes-en-eu\/","title":{"rendered":"Reconoce AMLO a Elon Musk por visitar la frontera y llamar a legalizar a migrantes en EU"},"content":{"rendered":"\n<p>El\u00a0<strong>presidente Andr\u00e9s Manuel L\u00f3pez Obrador<\/strong>\u00a0reconoci\u00f3 este viernes al multimillonario\u00a0<strong>Elon Musk<\/strong>, por viajar a la\u00a0<strong>frontera sur<\/strong>\u00a0de\u00a0<strong>Estados Unidos<\/strong>\u00a0con M\u00e9xico y desde ah\u00ed llamar a la legalizaci\u00f3n de\u00a0<strong>migrantes<\/strong>\u00a0\u201chonestos, que trabajen y contribuyan\u201d en la Uni\u00f3n Americana.<\/p>\n\n\n\n<p>El jefe del Ejecutivo federal manifest\u00f3 que es &#8220;muy hip\u00f3crita&#8221; la pol\u00edtica antimigrantes pues afirm\u00f3 que en la Uni\u00f3n Americana no tienen fuerza de trabajo y en cambio se sanciona o se persigue a migrantes.<\/p>\n\n\n\n<blockquote class=\"wp-block-quote is-layout-flow wp-block-quote-is-layout-flow\"><p>\u201cEstuvo muy bien porque \u00e9l est\u00e1 planteando de que se legalice, de que se permita la entrada (a migrantes). Porque es tambi\u00e9n muy hip\u00f3crita esa pol\u00edtica antiinmigrante, no tienen fuerza de trabajo y se sanciona o se persigue a los migrantes\u201d, dijo en conferencia de prensa.<\/p><\/blockquote>\n\n\n\n<p><\/p>\n\n\n\n<p>En Palacio Nacional, el Mandatario federal reconoci\u00f3 como un avance el programa de ingreso a Estados Unidos de migrantes centroamericanos y del Caribe, del presidente estadounidense, Joe Biden, pero manifest\u00f3 que no es suficiente.<\/p>\n\n\n\n<blockquote class=\"wp-block-quote is-layout-flow wp-block-quote-is-layout-flow\"><p>\u201cEl Presidente Biden ha avanzando en entregar estas visas de trabajo a migrantes. Ya van como 400 mil visas entregadas, pero hacen falta m\u00e1s. Y hace falta m\u00e1s en atender el problema en los lugares de origen porque el que sale ya tiene un destino, quiere llegar a Estados Unidos.<\/p><\/blockquote>\n\n\n\n<blockquote class=\"wp-block-quote is-layout-flow wp-block-quote-is-layout-flow\"><p>\u201cEntonces, lo que hay que procurar es que en sus pueblos tengan oportunidades de trabajo, de bienestar\u201d, dijo.<\/p><\/blockquote>\n\n\n\n<p><\/p>\n\n\n\n<p>Ayer, en una transmisi\u00f3n en vivo, el multimillonario\u00a0Elon Musk\u00a0discuti\u00f3 sobre la crisis migratoria en la frontera. El mi\u00e9rcoles anunci\u00f3 que visitar\u00eda\u00a0Eagle Pass, Texas, \u201ca finales de esta semana para ver qu\u00e9 est\u00e1 pasando por m\u00ed mismo\u201d despu\u00e9s de hablar con un congresista estatal que calific\u00f3 la crisis humanitaria en la frontera como \u201cun problema grave\u201d.<\/p>\n\n\n\n<p>En un live indic\u00f3 que &#8220;como inmigrante en Estados Unidos, soy extremadamente proinmigrante y creo que necesitamos un sistema de inmigraci\u00f3n ampliado para que se permita entrar a cualquiera que sea trabajador y honesto&#8221;.<\/p>\n\n\n\n<p>Fuente: <a href=\"https:\/\/www.eluniversal.com.mx\/nacion\/amlo-reconoce-a-elon-musk-por-visitar-la-frontera-y-llamar-a-legalizar-a-migrantes-en-eu\/\" data-type=\"URL\" data-id=\"https:\/\/www.eluniversal.com.mx\/nacion\/amlo-reconoce-a-elon-musk-por-visitar-la-frontera-y-llamar-a-legalizar-a-migrantes-en-eu\/\">El Universal<\/a> <\/p>\n","protected":false},"excerpt":{"rendered":"<p>El\u00a0presidente Andr\u00e9s Manuel L\u00f3pez Obrador\u00a0reconoci\u00f3 este viernes al multimillonario\u00a0Elon Musk, por viajar a la\u00a0frontera sur\u00a0de\u00a0Estados Unidos\u00a0con M\u00e9xico y desde ah\u00ed llamar a la legalizaci\u00f3n de\u00a0migrantes\u00a0\u201chonestos, que trabajen y contribuyan\u201d en la Uni\u00f3n Americana. El jefe del Ejecutivo federal manifest\u00f3 que es &#8220;muy hip\u00f3crita&#8221; la pol\u00edtica antimigrantes pues afirm\u00f3 que en la Uni\u00f3n Americana no tienen [&hellip;]<\/p>\n","protected":false},"author":35,"featured_media":95960,"comment_status":"open","ping_status":"open","sticky":false,"template":"","format":"standard","meta":{"_monsterinsights_skip_tracking":false,"_monsterinsights_sitenote_active":false,"_monsterinsights_sitenote_note":"","_monsterinsights_sitenote_category":0,"footnotes":""},"categories":[157],"tags":[188,281,183,1270,2608,14182,452,162,8979,8977],"class_list":["post-122934","post","type-post","status-publish","format-standard","has-post-thumbnail","hentry","category-nacional","tag-amlo","tag-elon-musk","tag-estados-unidos","tag-frontera","tag-legalizar","tag-llamar","tag-migrantes","tag-portada","tag-reconoce","tag-visitar","wp-image-borders"],"amp_enabled":true,"_links":{"self":[{"href":"https:\/\/nvnoticias.mx\/index.php\/wp-json\/wp\/v2\/posts\/122934","targetHints":{"allow":["GET"]}}],"collection":[{"href":"https:\/\/nvnoticias.mx\/index.php\/wp-json\/wp\/v2\/posts"}],"about":[{"href":"https:\/\/nvnoticias.mx\/index.php\/wp-json\/wp\/v2\/types\/post"}],"author":[{"embeddable":true,"href":"https:\/\/nvnoticias.mx\/index.php\/wp-json\/wp\/v2\/users\/35"}],"replies":[{"embeddable":true,"href":"https:\/\/nvnoticias.mx\/index.php\/wp-json\/wp\/v2\/comments?post=122934"}],"version-history":[{"count":3,"href":"https:\/\/nvnoticias.mx\/index.php\/wp-json\/wp\/v2\/posts\/122934\/revisions"}],"predecessor-version":[{"id":122937,"href":"https:\/\/nvnoticias.mx\/index.php\/wp-json\/wp\/v2\/posts\/122934\/revisions\/122937"}],"wp:featuredmedia":[{"embeddable":true,"href":"https:\/\/nvnoticias.mx\/index.php\/wp-json\/wp\/v2\/media\/95960"}],"wp:attachment":[{"href":"https:\/\/nvnoticias.mx\/index.php\/wp-json\/wp\/v2\/media?parent=122934"}],"wp:term":[{"taxonomy":"category","embeddable":true,"href":"https:\/\/nvnoticias.mx\/index.php\/wp-json\/wp\/v2\/categories?post=122934"},{"taxonomy":"post_tag","embeddable":true,"href":"https:\/\/nvnoticias.mx\/index.php\/wp-json\/wp\/v2\/tags?post=122934"}],"curies":[{"name":"wp","href":"https:\/\/api.w.org\/{rel}","templated":true}]}}