{"id":122925,"date":"2023-09-29T10:18:26","date_gmt":"2023-09-29T15:18:26","guid":{"rendered":"https:\/\/nvnoticias.mx\/?p=122925"},"modified":"2023-09-29T10:18:28","modified_gmt":"2023-09-29T15:18:28","slug":"plantea-musk-legalizar-a-migrantes-que-trabajen-y-sean-honestos","status":"publish","type":"post","link":"https:\/\/nvnoticias.mx\/index.php\/2023\/09\/29\/plantea-musk-legalizar-a-migrantes-que-trabajen-y-sean-honestos\/","title":{"rendered":"Plantea Musk legalizar a migrantes que \u201ctrabajen y sean honestos\u201d"},"content":{"rendered":"\n<p>El fundador de&nbsp;Tesla&nbsp;y due\u00f1o de la red social&nbsp;<strong>X<\/strong>,&nbsp;<strong>Elon Musk<\/strong>, visit\u00f3 Eagle Pass, Texas, para observar por sus propios ojos la&nbsp;<strong>crisis migratoria<\/strong>&nbsp;de la zona fronteriza con Piedras Negras, Coahuila, donde se pronunci\u00f3 por un nuevo sistema migratorio.<\/p>\n\n\n\n<blockquote class=\"wp-block-quote is-layout-flow wp-block-quote-is-layout-flow\"><p>\u201cSoy extremadamente promigrantes,&nbsp;creo que necesitamos un mejor y expandido sistema migratorio legal, que cualquier persona en el pa\u00eds que sea trabajadora y honesta y que sea&nbsp;contribuyente para los&nbsp;<strong>Estados Unidos<\/strong>&nbsp;deber\u00eda tener una aprobaci\u00f3n legal expedita para cualquiera que caiga en esa categor\u00eda\u201d, dijo&nbsp;<strong>Musk<\/strong>, acompa\u00f1ado de funcionarios y congresistas estadunidenses.<\/p><\/blockquote>\n\n\n\n<blockquote class=\"wp-block-quote is-layout-flow wp-block-quote-is-layout-flow\"><p>\u201cQuer\u00eda venir a verlo por m\u00ed mismo\u201d, dijo a&nbsp;<strong>MILENIO<\/strong>. Con botas, una playera negra y sombrero del mismo color, permaneci\u00f3 cerca de una hora debajo del&nbsp;<strong>Puente Internacional n\u00famero 2<\/strong>, donde revis\u00f3 el programa implementado por las autoridades de la&nbsp;<strong>Custom and Border Protection<\/strong>&nbsp;(CBP).<\/p><\/blockquote>\n\n\n\n<blockquote class=\"wp-block-quote is-layout-flow wp-block-quote-is-layout-flow\"><p>\u201cSabes, vivo en Texas y quer\u00eda&nbsp;venir a ver qu\u00e9 estaba pasando y tratar de entender la verdad de la situaci\u00f3n. Pudiste presenciar a algunos inmigrantes cruzar el r\u00edo ahora mismo. No es sutil. Son como&nbsp;<strong>2 mil&nbsp;<\/strong>al d\u00eda, lo que equivale a&nbsp;<strong>700 mil<\/strong>&nbsp;m\u00e1s al a\u00f1o, solo en Eagle Pass\u201d, coment\u00f3.<\/p><\/blockquote>\n\n\n\n<p>El multimillonario lleg\u00f3 a la frontera cerca de las 5:30 de la tarde, hora centro de M\u00e9xico, bajo un fuerte operativo de seguridad y acompa\u00f1ado por el congresista&nbsp;<strong>Tony Gonz\u00e1lez<\/strong>&nbsp;y el alcalde<strong>&nbsp;Rolando Salinas<\/strong>.<\/p>\n\n\n\n<p>Revis\u00f3 los temas&nbsp;de la colocaci\u00f3n de&nbsp;p\u00faas, las cajas de tr\u00e1iler y&nbsp;las boyas, todo lo que las autoridades migratorias han colocado para impedir el paso de grupos grandes de migrantes.<\/p>\n\n\n\n<blockquote class=\"wp-block-quote is-layout-flow wp-block-quote-is-layout-flow\"><p>\u201cEscuchamos&nbsp;que hay un n\u00famero limitado de m\u00e9dicos en la ciudad, por lo que hay demasiada gente a la que atender\u201d, agreg\u00f3.<\/p><p><\/p><\/blockquote>\n\n\n\n<p><strong>Elon Musk\u00a0<\/strong>realiz\u00f3 un par de transmisiones en vivo por la plataforma\u00a0<strong>X<\/strong>, de la cual es due\u00f1o, en las que dijo que es necesario establecer un marco legal que regule la llegada de extranjeros por las fronteras: \u201cdentro de la misma discusi\u00f3n no deber\u00edamos estar permitiendo en el pa\u00eds a personas que no respetan la ley\u201d.<\/p>\n\n\n\n<p>Fuente: <a href=\"https:\/\/www.milenio.com\/politica\/musk-por-legalizar-a-migrantes-que-trabajen-y-sean-honestos\" data-type=\"URL\" data-id=\"https:\/\/www.milenio.com\/politica\/musk-por-legalizar-a-migrantes-que-trabajen-y-sean-honestos\">Milenio<\/a> <\/p>\n","protected":false},"excerpt":{"rendered":"<p>El fundador de&nbsp;Tesla&nbsp;y due\u00f1o de la red social&nbsp;X,&nbsp;Elon Musk, visit\u00f3 Eagle Pass, Texas, para observar por sus propios ojos la&nbsp;crisis migratoria&nbsp;de la zona fronteriza con Piedras Negras, Coahuila, donde se pronunci\u00f3 por un nuevo sistema migratorio. \u201cSoy extremadamente promigrantes,&nbsp;creo que necesitamos un mejor y expandido sistema migratorio legal, que cualquier persona en el pa\u00eds que [&hellip;]<\/p>\n","protected":false},"author":35,"featured_media":53922,"comment_status":"open","ping_status":"open","sticky":false,"template":"","format":"standard","meta":{"_monsterinsights_skip_tracking":false,"_monsterinsights_sitenote_active":false,"_monsterinsights_sitenote_note":"","_monsterinsights_sitenote_category":0,"footnotes":""},"categories":[181],"tags":[2608,9750,162,27533],"class_list":["post-122925","post","type-post","status-publish","format-standard","has-post-thumbnail","hentry","category-internacional","tag-legalizar","tag-plantea","tag-portada","tag-trabajen","wp-image-borders"],"amp_enabled":true,"_links":{"self":[{"href":"https:\/\/nvnoticias.mx\/index.php\/wp-json\/wp\/v2\/posts\/122925","targetHints":{"allow":["GET"]}}],"collection":[{"href":"https:\/\/nvnoticias.mx\/index.php\/wp-json\/wp\/v2\/posts"}],"about":[{"href":"https:\/\/nvnoticias.mx\/index.php\/wp-json\/wp\/v2\/types\/post"}],"author":[{"embeddable":true,"href":"https:\/\/nvnoticias.mx\/index.php\/wp-json\/wp\/v2\/users\/35"}],"replies":[{"embeddable":true,"href":"https:\/\/nvnoticias.mx\/index.php\/wp-json\/wp\/v2\/comments?post=122925"}],"version-history":[{"count":4,"href":"https:\/\/nvnoticias.mx\/index.php\/wp-json\/wp\/v2\/posts\/122925\/revisions"}],"predecessor-version":[{"id":122929,"href":"https:\/\/nvnoticias.mx\/index.php\/wp-json\/wp\/v2\/posts\/122925\/revisions\/122929"}],"wp:featuredmedia":[{"embeddable":true,"href":"https:\/\/nvnoticias.mx\/index.php\/wp-json\/wp\/v2\/media\/53922"}],"wp:attachment":[{"href":"https:\/\/nvnoticias.mx\/index.php\/wp-json\/wp\/v2\/media?parent=122925"}],"wp:term":[{"taxonomy":"category","embeddable":true,"href":"https:\/\/nvnoticias.mx\/index.php\/wp-json\/wp\/v2\/categories?post=122925"},{"taxonomy":"post_tag","embeddable":true,"href":"https:\/\/nvnoticias.mx\/index.php\/wp-json\/wp\/v2\/tags?post=122925"}],"curies":[{"name":"wp","href":"https:\/\/api.w.org\/{rel}","templated":true}]}}