{"id":122872,"date":"2023-09-28T16:31:38","date_gmt":"2023-09-28T21:31:38","guid":{"rendered":"https:\/\/nvnoticias.mx\/?p=122872"},"modified":"2023-09-28T16:31:39","modified_gmt":"2023-09-28T21:31:39","slug":"niega-garcia-harfuch-tener-que-ver-con-el-caso-ayotzinapa","status":"publish","type":"post","link":"https:\/\/nvnoticias.mx\/index.php\/2023\/09\/28\/niega-garcia-harfuch-tener-que-ver-con-el-caso-ayotzinapa\/","title":{"rendered":"Niega Garc\u00eda Harfuch tener que ver con el caso Ayotzinapa"},"content":{"rendered":"\n<p>El aspirante de Morena a coordinar la Defensa de la Cuarta Transformaci\u00f3n de la Ciudad de M\u00e9xico,&nbsp;<strong>Omar Garc\u00eda Harfuch<\/strong>, dijo que el Presidente de la Rep\u00fablica,&nbsp;<strong>Andr\u00e9s Manuel L\u00f3pez Obrador<\/strong>, fue \u201cmuy claro\u201d al decir que \u00e9l no particip\u00f3 en la construcci\u00f3n de la verdad hist\u00f3rica y desaparici\u00f3n de los&nbsp;<strong>43 normalistas de Ayotzinapa.<\/strong><\/p>\n\n\n\n<blockquote class=\"wp-block-quote is-layout-flow wp-block-quote-is-layout-flow\"><p>\u201cFue muy claro, el Presidente fue muy claro, de las reuniones que participamos,&nbsp;<strong>son p\u00fablicas, fueron p\u00fablicas<\/strong>&nbsp;no hay nada oculto\u201d, precis\u00f3 al terminar un encuentro con integrantes de los 7 Pueblos Originarios de&nbsp;<strong>Tl\u00e1huac,&nbsp;<\/strong>en donde fue arropado por vecinos de la demarcaci\u00f3n.<\/p><\/blockquote>\n\n\n\n<p>Al ser consultado en dos ocasiones sobre el mismo tema, Garc\u00eda Harfuch enfatiz\u00f3 que \u201csiempre vamos a ser muy respetuosos de cada opini\u00f3n\u201d, y que el subsecretario de Gobernaci\u00f3n, Alejandro Encinas, \u00fanicamente se refiri\u00f3 a una noticia que ya hab\u00eda sido p\u00fablica.<\/p>\n\n\n\n<blockquote class=\"wp-block-quote is-layout-flow wp-block-quote-is-layout-flow\"><p>\u201cEl licenciado [Alejandro] Encinas lo dijo con mucha claridad, hizo p\u00fablico algo que ya hab\u00eda sido publicado en otras ocasiones\u2026 son reuniones p\u00fablicas, no hay nada que ocultar\u201d, expres\u00f3.<\/p><\/blockquote>\n\n\n\n<p>Fuentr: <a href=\"https:\/\/www.eluniversal.com.mx\/elecciones\/el-presidente-amlo-fue-muy-claro-garcia-harfuch-niega-tener-que-ver-con-el-caso-ayotzinapa\/\" data-type=\"URL\" data-id=\"https:\/\/www.eluniversal.com.mx\/elecciones\/el-presidente-amlo-fue-muy-claro-garcia-harfuch-niega-tener-que-ver-con-el-caso-ayotzinapa\/\">El Universal<\/a> <\/p>\n","protected":false},"excerpt":{"rendered":"<p>El aspirante de Morena a coordinar la Defensa de la Cuarta Transformaci\u00f3n de la Ciudad de M\u00e9xico,&nbsp;Omar Garc\u00eda Harfuch, dijo que el Presidente de la Rep\u00fablica,&nbsp;Andr\u00e9s Manuel L\u00f3pez Obrador, fue \u201cmuy claro\u201d al decir que \u00e9l no particip\u00f3 en la construcci\u00f3n de la verdad hist\u00f3rica y desaparici\u00f3n de los&nbsp;43 normalistas de Ayotzinapa. \u201cFue muy claro, [&hellip;]<\/p>\n","protected":false},"author":35,"featured_media":80492,"comment_status":"open","ping_status":"open","sticky":false,"template":"","format":"standard","meta":{"_monsterinsights_skip_tracking":false,"_monsterinsights_sitenote_active":false,"_monsterinsights_sitenote_note":"","_monsterinsights_sitenote_category":0,"footnotes":""},"categories":[158],"tags":[25639,7927,16481],"class_list":["post-122872","post","type-post","status-publish","format-standard","has-post-thumbnail","hentry","category-politica","tag-caso-ayotzinapa","tag-niega","tag-omar-garcia-harfuch","wp-image-borders"],"amp_enabled":true,"_links":{"self":[{"href":"https:\/\/nvnoticias.mx\/index.php\/wp-json\/wp\/v2\/posts\/122872","targetHints":{"allow":["GET"]}}],"collection":[{"href":"https:\/\/nvnoticias.mx\/index.php\/wp-json\/wp\/v2\/posts"}],"about":[{"href":"https:\/\/nvnoticias.mx\/index.php\/wp-json\/wp\/v2\/types\/post"}],"author":[{"embeddable":true,"href":"https:\/\/nvnoticias.mx\/index.php\/wp-json\/wp\/v2\/users\/35"}],"replies":[{"embeddable":true,"href":"https:\/\/nvnoticias.mx\/index.php\/wp-json\/wp\/v2\/comments?post=122872"}],"version-history":[{"count":3,"href":"https:\/\/nvnoticias.mx\/index.php\/wp-json\/wp\/v2\/posts\/122872\/revisions"}],"predecessor-version":[{"id":122876,"href":"https:\/\/nvnoticias.mx\/index.php\/wp-json\/wp\/v2\/posts\/122872\/revisions\/122876"}],"wp:featuredmedia":[{"embeddable":true,"href":"https:\/\/nvnoticias.mx\/index.php\/wp-json\/wp\/v2\/media\/80492"}],"wp:attachment":[{"href":"https:\/\/nvnoticias.mx\/index.php\/wp-json\/wp\/v2\/media?parent=122872"}],"wp:term":[{"taxonomy":"category","embeddable":true,"href":"https:\/\/nvnoticias.mx\/index.php\/wp-json\/wp\/v2\/categories?post=122872"},{"taxonomy":"post_tag","embeddable":true,"href":"https:\/\/nvnoticias.mx\/index.php\/wp-json\/wp\/v2\/tags?post=122872"}],"curies":[{"name":"wp","href":"https:\/\/api.w.org\/{rel}","templated":true}]}}