{"id":122637,"date":"2023-09-27T10:36:26","date_gmt":"2023-09-27T15:36:26","guid":{"rendered":"https:\/\/nvnoticias.mx\/?p=122637"},"modified":"2023-09-27T10:36:28","modified_gmt":"2023-09-27T15:36:28","slug":"se-corona-asturias-campeon-en-la-unidad-deportiva-fernando-pazos-sosa","status":"publish","type":"post","link":"https:\/\/nvnoticias.mx\/index.php\/2023\/09\/27\/se-corona-asturias-campeon-en-la-unidad-deportiva-fernando-pazos-sosa\/","title":{"rendered":"Se corona Asturias campe\u00f3n en la Unidad Deportiva Fernando Pazos Sosa"},"content":{"rendered":"\n<p><strong>Luego de una emocionante final <\/strong>donde vencieron con 3-2 a Guadalajara FC, el Club Asturias se coron\u00f3 campe\u00f3n de la categor\u00eda +45 de la Unidad Deportiva Fernando Pazos Sosa.<\/p>\n\n\n\n<p>Durante el partido, el equipo de Guadalajara se puso en ventaja con un doblete de goles de Juan Serr\u00f3n, sin embargo, el conjunto asturiano fue por la remontada.<\/p>\n\n\n\n<p>Asturias dio vuelta al marcador con dos goles de Emilio Reyes y uno m\u00e1s de Cuauht\u00e9moc Trujillo, para llevarse el trofeo de campe\u00f3n con un resultado final de 3-2.<\/p>\n","protected":false},"excerpt":{"rendered":"<p>Luego de una emocionante final donde vencieron con 3-2 a Guadalajara FC, el Club Asturias se coron\u00f3 campe\u00f3n de la categor\u00eda +45 de la Unidad Deportiva Fernando Pazos Sosa. Durante el partido, el equipo de Guadalajara se puso en ventaja con un doblete de goles de Juan Serr\u00f3n, sin embargo, el conjunto asturiano fue por [&hellip;]<\/p>\n","protected":false},"author":35,"featured_media":122638,"comment_status":"open","ping_status":"open","sticky":false,"template":"","format":"standard","meta":{"_monsterinsights_skip_tracking":false,"_monsterinsights_sitenote_active":false,"_monsterinsights_sitenote_note":"","_monsterinsights_sitenote_category":0,"footnotes":""},"categories":[159],"tags":[27489,1590,17032,24245],"class_list":["post-122637","post","type-post","status-publish","format-standard","has-post-thumbnail","hentry","category-deportes","tag-asturias","tag-campeon","tag-se-corona","tag-unidad-deportiva-fernando-pazos-sosa","wp-image-borders"],"amp_enabled":true,"_links":{"self":[{"href":"https:\/\/nvnoticias.mx\/index.php\/wp-json\/wp\/v2\/posts\/122637","targetHints":{"allow":["GET"]}}],"collection":[{"href":"https:\/\/nvnoticias.mx\/index.php\/wp-json\/wp\/v2\/posts"}],"about":[{"href":"https:\/\/nvnoticias.mx\/index.php\/wp-json\/wp\/v2\/types\/post"}],"author":[{"embeddable":true,"href":"https:\/\/nvnoticias.mx\/index.php\/wp-json\/wp\/v2\/users\/35"}],"replies":[{"embeddable":true,"href":"https:\/\/nvnoticias.mx\/index.php\/wp-json\/wp\/v2\/comments?post=122637"}],"version-history":[{"count":1,"href":"https:\/\/nvnoticias.mx\/index.php\/wp-json\/wp\/v2\/posts\/122637\/revisions"}],"predecessor-version":[{"id":122639,"href":"https:\/\/nvnoticias.mx\/index.php\/wp-json\/wp\/v2\/posts\/122637\/revisions\/122639"}],"wp:featuredmedia":[{"embeddable":true,"href":"https:\/\/nvnoticias.mx\/index.php\/wp-json\/wp\/v2\/media\/122638"}],"wp:attachment":[{"href":"https:\/\/nvnoticias.mx\/index.php\/wp-json\/wp\/v2\/media?parent=122637"}],"wp:term":[{"taxonomy":"category","embeddable":true,"href":"https:\/\/nvnoticias.mx\/index.php\/wp-json\/wp\/v2\/categories?post=122637"},{"taxonomy":"post_tag","embeddable":true,"href":"https:\/\/nvnoticias.mx\/index.php\/wp-json\/wp\/v2\/tags?post=122637"}],"curies":[{"name":"wp","href":"https:\/\/api.w.org\/{rel}","templated":true}]}}