{"id":122528,"date":"2023-09-26T12:38:10","date_gmt":"2023-09-26T17:38:10","guid":{"rendered":"https:\/\/nvnoticias.mx\/?p=122528"},"modified":"2023-09-26T12:38:13","modified_gmt":"2023-09-26T17:38:13","slug":"ovidio-guzman-no-sera-el-ultimo-extraditado-fiscal-general-de-eu","status":"publish","type":"post","link":"https:\/\/nvnoticias.mx\/index.php\/2023\/09\/26\/ovidio-guzman-no-sera-el-ultimo-extraditado-fiscal-general-de-eu\/","title":{"rendered":"Ovidio Guzm\u00e1n &#8220;no ser\u00e1 el \u00faltimo&#8221; extraditado: Fiscal general de EU"},"content":{"rendered":"\n<p>El fiscal general de Estados Unidos,&nbsp;<strong>Merrick Garland<\/strong>, afirm\u00f3 este martes que el narcotraficante mexicano&nbsp;<strong>Ovidio Guzm\u00e1n<\/strong>, hijo de Joaqu\u00edn &#8220;<strong>El Chapo<\/strong>&#8221; Guzm\u00e1n, &#8220;no ser\u00e1 el \u00faltimo&#8221; extraditado en la lucha contra el&nbsp;<strong>fentanilo<\/strong>.<\/p>\n\n\n\n<p>Garland hizo estas declaraciones en un encuentro con familias de personas fallecidas por&nbsp;<strong>sobredosis de&nbsp;fentanilo<\/strong>, celebrado en la sede de la agencia estadounidense antidrogas (<strong>DEA<\/strong>, en ingl\u00e9s) en Arlington (Virginia).<\/p>\n\n\n\n<p>&#8220;Hace dos semanas extraditamos a Ovidio Guzm\u00e1n L\u00f3pez, l\u00edder del&nbsp;<strong>C\u00e1rtel de Sinaloa<\/strong>. Es el hijo del&nbsp;<strong>infame Chapo<\/strong>&nbsp;y forma parte de la docena de l\u00edderes de c\u00e1rteles que hemos extraditado a Estados Unidos. No ser\u00e1 el \u00faltimo&#8221;, declar\u00f3 entre aplausos.PUBLICIDAD<\/p>\n\n\n\n<p>Garland advirti\u00f3 que la fiscal\u00eda estadounidense y la&nbsp;<strong>DEA&nbsp;<\/strong>trabajan &#8220;para llevar ante la Justicia a quienes ponen en peligro&#8221; a los ciudadanos de Estados Unidos con &#8220;drogas mortales&#8221;.<\/p>\n\n\n\n<p><strong>Ovidio Guzm\u00e1n<\/strong>, detenido en M\u00e9xico en enero pasado, fue extraditado el 15 de septiembre a Estados Unidos y encarcelado en una prisi\u00f3n de Chicago, donde espera un juicio por&nbsp;<strong>tr\u00e1fico de drogas<\/strong>.<\/p>\n\n\n\n<p>El Gobierno estadounidense ha pedido tambi\u00e9n a M\u00e9xico la&nbsp;<strong>captura y extradici\u00f3n de los otros hijos del Chapo<\/strong>&nbsp;-quien cumple cadena perpetua en Estados Unidos -,&nbsp;<strong>Iv\u00e1n Archivaldo<\/strong>&nbsp;Guzm\u00e1n,&nbsp;<strong>Jes\u00fas Alfredo<\/strong>&nbsp;Guzm\u00e1n y&nbsp;<strong>Joaqu\u00edn&nbsp;<\/strong>Guzm\u00e1n.<\/p>\n\n\n\n<p>Garland denunci\u00f3 que el\u00a0<strong>C\u00e1rtel de Sinaloa<\/strong>\u00a0y el\u00a0<strong>C\u00e1rtel Jalisco Nueva Generaci\u00f3n<\/strong>\u00a0(CJNG) est\u00e1n &#8220;alimentando la\u00a0<strong>epidemia&#8221; de fentanilo en Estados Unidos<\/strong>, donde solo el a\u00f1o pasado murieron m\u00e1s de 70 mil personas por sobredosis de este opioide sint\u00e9tico.<\/p>\n\n\n\n<p>Fuente:<a href=\"https:\/\/www.eluniversal.com.mx\/mundo\/ovidio-guzman-no-sera-el-ultimo-extraditado-afirma-el-fiscal-general-de-eu\/\" data-type=\"URL\" data-id=\"https:\/\/www.eluniversal.com.mx\/mundo\/ovidio-guzman-no-sera-el-ultimo-extraditado-afirma-el-fiscal-general-de-eu\/\"> El Universal<\/a> <\/p>\n","protected":false},"excerpt":{"rendered":"<p>El fiscal general de Estados Unidos,&nbsp;Merrick Garland, afirm\u00f3 este martes que el narcotraficante mexicano&nbsp;Ovidio Guzm\u00e1n, hijo de Joaqu\u00edn &#8220;El Chapo&#8221; Guzm\u00e1n, &#8220;no ser\u00e1 el \u00faltimo&#8221; extraditado en la lucha contra el&nbsp;fentanilo. Garland hizo estas declaraciones en un encuentro con familias de personas fallecidas por&nbsp;sobredosis de&nbsp;fentanilo, celebrado en la sede de la agencia estadounidense antidrogas (DEA, [&hellip;]<\/p>\n","protected":false},"author":35,"featured_media":89508,"comment_status":"open","ping_status":"open","sticky":false,"template":"","format":"standard","meta":{"_monsterinsights_skip_tracking":false,"_monsterinsights_sitenote_active":false,"_monsterinsights_sitenote_note":"","_monsterinsights_sitenote_category":0,"footnotes":""},"categories":[181],"tags":[183,20268,7928],"class_list":["post-122528","post","type-post","status-publish","format-standard","has-post-thumbnail","hentry","category-internacional","tag-estados-unidos","tag-fiscal-general","tag-ovidio-guzman","wp-image-borders"],"amp_enabled":true,"_links":{"self":[{"href":"https:\/\/nvnoticias.mx\/index.php\/wp-json\/wp\/v2\/posts\/122528","targetHints":{"allow":["GET"]}}],"collection":[{"href":"https:\/\/nvnoticias.mx\/index.php\/wp-json\/wp\/v2\/posts"}],"about":[{"href":"https:\/\/nvnoticias.mx\/index.php\/wp-json\/wp\/v2\/types\/post"}],"author":[{"embeddable":true,"href":"https:\/\/nvnoticias.mx\/index.php\/wp-json\/wp\/v2\/users\/35"}],"replies":[{"embeddable":true,"href":"https:\/\/nvnoticias.mx\/index.php\/wp-json\/wp\/v2\/comments?post=122528"}],"version-history":[{"count":3,"href":"https:\/\/nvnoticias.mx\/index.php\/wp-json\/wp\/v2\/posts\/122528\/revisions"}],"predecessor-version":[{"id":122531,"href":"https:\/\/nvnoticias.mx\/index.php\/wp-json\/wp\/v2\/posts\/122528\/revisions\/122531"}],"wp:featuredmedia":[{"embeddable":true,"href":"https:\/\/nvnoticias.mx\/index.php\/wp-json\/wp\/v2\/media\/89508"}],"wp:attachment":[{"href":"https:\/\/nvnoticias.mx\/index.php\/wp-json\/wp\/v2\/media?parent=122528"}],"wp:term":[{"taxonomy":"category","embeddable":true,"href":"https:\/\/nvnoticias.mx\/index.php\/wp-json\/wp\/v2\/categories?post=122528"},{"taxonomy":"post_tag","embeddable":true,"href":"https:\/\/nvnoticias.mx\/index.php\/wp-json\/wp\/v2\/tags?post=122528"}],"curies":[{"name":"wp","href":"https:\/\/api.w.org\/{rel}","templated":true}]}}