{"id":122393,"date":"2023-09-25T13:43:03","date_gmt":"2023-09-25T18:43:03","guid":{"rendered":"https:\/\/nvnoticias.mx\/?p=122393"},"modified":"2023-09-25T13:43:04","modified_gmt":"2023-09-25T18:43:04","slug":"se-registra-clara-brugada-para-competir-por-candidatura-de-morena-a-la-cdmx","status":"publish","type":"post","link":"https:\/\/nvnoticias.mx\/index.php\/2023\/09\/25\/se-registra-clara-brugada-para-competir-por-candidatura-de-morena-a-la-cdmx\/","title":{"rendered":"Se registra Clara Brugada para competir por candidatura de Morena a la CdMx"},"content":{"rendered":"\n<p>Clara Brugada inform\u00f3 que esta ma\u00f1ana realiz\u00f3 su registro oficial como aspirante a coordinar la defensa de la cuarta transformaci\u00f3n en la Ciudad de M\u00e9xico, y garantiz\u00f3 que convencer\u00e1 a toda la ciudadan\u00eda de que es la mejor opci\u00f3n para la Jefatura de Gobierno.<\/p>\n\n\n\n<p>A pesar de que la primera regla es que todos los registros de las y los aspirantes a las nueve entidades son exclusivamente en l\u00ednea, la alcaldesa con licencia de Iztapalapa solicit\u00f3 acudir personalmente al Comit\u00e9 Ejecutivo Nacional de Morena a mostrar su registro.<\/p>\n\n\n\n<p>Acompa\u00f1ada de redes de mujeres y diputadas locales, Brugada reafirm\u00f3 su inter\u00e9s de encabezar la continuidad de la cuarta transformaci\u00f3n desde la Ciudad de M\u00e9xico.<\/p>\n\n\n\n<blockquote class=\"wp-block-quote is-layout-flow wp-block-quote-is-layout-flow\"><p>\u201cEstoy convencida que tenemos el mayor respaldo de los segmentos. Me inscrib\u00ed para ganar el honor de coordinar la 4T, me inscribo porque ante el riesgo de que la ciudad retroceda, soy la primera y estar\u00e9 en primer lugar para coordinar el movimiento. Est\u00e1 aqu\u00ed mi compromiso con la democracia y la defensa de la cuarta transformaci\u00f3n, para una mejor calidad de vida de la gente, seguridad, educaci\u00f3n y salud.<br><\/p><\/blockquote>\n\n\n\n<blockquote class=\"wp-block-quote is-layout-flow wp-block-quote-is-layout-flow\"><p>\u201cSoy fundadora de Morena y llevo 40 a\u00f1os trabajando en esta ciudad para transformarla, soy feminista y es una de las grandes luchas y utop\u00edas, afirmo la pol\u00edtica como la oportunidad de servir y mejorar la vida de la gente, no para enriquecerse. Soy muy feliz ayudando a la gente, toda la vida he luchado por transformar, por no dejar a nadie atr\u00e1s que es un imperativo \u00e9tico y todos los d\u00edas me levanto con ese objetivo: no dejar a nadie atr\u00e1s\u201d.<br><\/p><\/blockquote>\n\n\n\n<p>Brugada mostr\u00f3 su registro impreso y se\u00f1al\u00f3 que siguiendo el ejemplo de Claudia Sheinbaum a quien reconoci\u00f3 como \u201cuna jefa de Gobierno excepcional que ha dejado bases que deben continuarse y expandirse\u201d, garantiz\u00f3 que demostrar\u00e1 que es la mejor opci\u00f3n.<\/p>\n\n\n\n<p>Fuente:<a href=\"https:\/\/www.milenio.com\/politica\/elecciones\/clara-brugada-registra-candidatura-morena-cdmx\" data-type=\"URL\" data-id=\"https:\/\/www.milenio.com\/politica\/elecciones\/clara-brugada-registra-candidatura-morena-cdmx\"> Milenio<\/a><\/p>\n","protected":false},"excerpt":{"rendered":"<p>Clara Brugada inform\u00f3 que esta ma\u00f1ana realiz\u00f3 su registro oficial como aspirante a coordinar la defensa de la cuarta transformaci\u00f3n en la Ciudad de M\u00e9xico, y garantiz\u00f3 que convencer\u00e1 a toda la ciudadan\u00eda de que es la mejor opci\u00f3n para la Jefatura de Gobierno. A pesar de que la primera regla es que todos los [&hellip;]<\/p>\n","protected":false},"author":35,"featured_media":122394,"comment_status":"open","ping_status":"open","sticky":false,"template":"","format":"standard","meta":{"_monsterinsights_skip_tracking":false,"_monsterinsights_sitenote_active":false,"_monsterinsights_sitenote_note":"","_monsterinsights_sitenote_category":0,"footnotes":""},"categories":[158],"tags":[1975,307,20034,17028],"class_list":["post-122393","post","type-post","status-publish","format-standard","has-post-thumbnail","hentry","category-politica","tag-candidatura","tag-cdmx","tag-clara-brugada","tag-se-registra","wp-image-borders"],"amp_enabled":true,"_links":{"self":[{"href":"https:\/\/nvnoticias.mx\/index.php\/wp-json\/wp\/v2\/posts\/122393","targetHints":{"allow":["GET"]}}],"collection":[{"href":"https:\/\/nvnoticias.mx\/index.php\/wp-json\/wp\/v2\/posts"}],"about":[{"href":"https:\/\/nvnoticias.mx\/index.php\/wp-json\/wp\/v2\/types\/post"}],"author":[{"embeddable":true,"href":"https:\/\/nvnoticias.mx\/index.php\/wp-json\/wp\/v2\/users\/35"}],"replies":[{"embeddable":true,"href":"https:\/\/nvnoticias.mx\/index.php\/wp-json\/wp\/v2\/comments?post=122393"}],"version-history":[{"count":1,"href":"https:\/\/nvnoticias.mx\/index.php\/wp-json\/wp\/v2\/posts\/122393\/revisions"}],"predecessor-version":[{"id":122395,"href":"https:\/\/nvnoticias.mx\/index.php\/wp-json\/wp\/v2\/posts\/122393\/revisions\/122395"}],"wp:featuredmedia":[{"embeddable":true,"href":"https:\/\/nvnoticias.mx\/index.php\/wp-json\/wp\/v2\/media\/122394"}],"wp:attachment":[{"href":"https:\/\/nvnoticias.mx\/index.php\/wp-json\/wp\/v2\/media?parent=122393"}],"wp:term":[{"taxonomy":"category","embeddable":true,"href":"https:\/\/nvnoticias.mx\/index.php\/wp-json\/wp\/v2\/categories?post=122393"},{"taxonomy":"post_tag","embeddable":true,"href":"https:\/\/nvnoticias.mx\/index.php\/wp-json\/wp\/v2\/tags?post=122393"}],"curies":[{"name":"wp","href":"https:\/\/api.w.org\/{rel}","templated":true}]}}