{"id":122387,"date":"2023-09-25T13:22:46","date_gmt":"2023-09-25T18:22:46","guid":{"rendered":"https:\/\/nvnoticias.mx\/?p=122387"},"modified":"2023-09-25T13:22:47","modified_gmt":"2023-09-25T18:22:47","slug":"va-rusia-contra-el-presidente-de-la-corte-penal-internacional-por-ordenar-arresto-de-putin","status":"publish","type":"post","link":"https:\/\/nvnoticias.mx\/index.php\/2023\/09\/25\/va-rusia-contra-el-presidente-de-la-corte-penal-internacional-por-ordenar-arresto-de-putin\/","title":{"rendered":"Va Rusia contra el presidente de la Corte Penal Internacional por ordenar arresto de Putin"},"content":{"rendered":"\n<p>El Ministerio del Interior de Rusia declar\u00f3 hoy en busca y captura a <strong>Piotr Hofmanski<\/strong>, presidente de la Corte Penal Internacional (CPI), que orden\u00f3 en marzo pasado el arresto del presidente ruso, Vlad\u00edmir Putin, por presuntos <strong>cr\u00edmenes de guerra en Ucrania<\/strong>.<\/p>\n\n\n\n<p>Hofmanski es buscado en virtud de un art\u00edculo del c\u00f3digo penal, se\u00f1ala la base de datos del Ministerio, que <strong>no precisa el motivo exacto de la persecuci\u00f3n<\/strong>. Tambi\u00e9n han sido declarados en busca y captura la vicepresidenta, Luz del Carmen Ib\u00e1\u00f1ez, y el juez de la CPI, Bertram Schmitt.<\/p>\n\n\n\n<p>En mayo pasado, Mosc\u00fa ya declar\u00f3 en busca y captura al fiscal de la misma corte, <strong>Karim Ahmad Khan<\/strong>, que fue quien dict\u00f3 la orden de arresto.<\/p>\n\n\n\n<p>La CPI emiti\u00f3 el 17 de marzo una orden de arresto contra Putin como \u201cpresunto responsable\u201d de la deportaci\u00f3n ilegal de ni\u00f1os y su traslado de zonas ocupadas en Ucrania hacia Rusia, lo que supone un crimen de guerra.<\/p>\n\n\n\n<p>Tambi\u00e9n emiti\u00f3 otra orden de arresto contra la pol\u00edtica rusa Mar\u00eda Lvova-Belova, comisionada presidencial para los Derechos del Ni\u00f1o en Rusia, con la misma acusaci\u00f3n.<\/p>\n\n\n\n<p>El Kremlin asegur\u00f3 que no reconoce la jurisdicci\u00f3n del tribunal y considera \u201cnula jur\u00eddicamente\u201d la orden de arresto contra el jefe del Estado ruso.<\/p>\n\n\n\n<p>El Comit\u00e9 de Instrucci\u00f3n de Rusia finc\u00f3 un <strong>caso penal contra el fiscal y los jueces de la CPI<\/strong>, al se\u00f1alar que la persecuci\u00f3n penal del presidente ruso \u201ctiene un deliberado car\u00e1cter ilegal, ya que no hay motivos para imputar una responsabilidad criminal\u201d.<\/p>\n\n\n\n<p>El ministro de Exteriores de Rusia, Sergu\u00e9i Lavrov, llam\u00f3 el fin de semana en Nueva York al secretario general de la ONU, Ant\u00f3nio Guterres, a <strong>aportar pruebas<\/strong> sobre la acusaci\u00f3n de que Mosc\u00fa ha secuestrado ni\u00f1os ucranianos.<\/p>\n\n\n\n<p>Debido a la orden de arresto, Putin a\u00fan no ha viajado al exterior este a\u00f1o e incluso cancel\u00f3 en agosto su participaci\u00f3n en Sud\u00e1frica en la cumbre del grupo BRICS. Seg\u00fan el Kremlin, el l\u00edder ruso viajar\u00e1 en octubre a China, pa\u00eds que no ha firmado el Estatuto de Roma, tratado fundacional de la CPI.<\/p>\n\n\n\n<p>Fuente: <a href=\"https:\/\/www.elfinanciero.com.mx\/mundo\/2023\/09\/25\/rusia-va-contra-el-presidente-de-la-corte-penal-internacional-por-ordenar-arresto-de-putin\/\" data-type=\"URL\" data-id=\"https:\/\/www.elfinanciero.com.mx\/mundo\/2023\/09\/25\/rusia-va-contra-el-presidente-de-la-corte-penal-internacional-por-ordenar-arresto-de-putin\/\">El Financiero<\/a><\/p>\n","protected":false},"excerpt":{"rendered":"<p>El Ministerio del Interior de Rusia declar\u00f3 hoy en busca y captura a Piotr Hofmanski, presidente de la Corte Penal Internacional (CPI), que orden\u00f3 en marzo pasado el arresto del presidente ruso, Vlad\u00edmir Putin, por presuntos cr\u00edmenes de guerra en Ucrania. Hofmanski es buscado en virtud de un art\u00edculo del c\u00f3digo penal, se\u00f1ala la base [&hellip;]<\/p>\n","protected":false},"author":35,"featured_media":16172,"comment_status":"open","ping_status":"open","sticky":false,"template":"","format":"standard","meta":{"_monsterinsights_skip_tracking":false,"_monsterinsights_sitenote_active":false,"_monsterinsights_sitenote_note":"","_monsterinsights_sitenote_category":0,"footnotes":""},"categories":[181],"tags":[4562,23962,411,537,703],"class_list":["post-122387","post","type-post","status-publish","format-standard","has-post-thumbnail","hentry","category-internacional","tag-arresto","tag-corte-penal-internacional","tag-presidente","tag-rusia","tag-vladimir-putin","wp-image-borders"],"amp_enabled":true,"_links":{"self":[{"href":"https:\/\/nvnoticias.mx\/index.php\/wp-json\/wp\/v2\/posts\/122387","targetHints":{"allow":["GET"]}}],"collection":[{"href":"https:\/\/nvnoticias.mx\/index.php\/wp-json\/wp\/v2\/posts"}],"about":[{"href":"https:\/\/nvnoticias.mx\/index.php\/wp-json\/wp\/v2\/types\/post"}],"author":[{"embeddable":true,"href":"https:\/\/nvnoticias.mx\/index.php\/wp-json\/wp\/v2\/users\/35"}],"replies":[{"embeddable":true,"href":"https:\/\/nvnoticias.mx\/index.php\/wp-json\/wp\/v2\/comments?post=122387"}],"version-history":[{"count":2,"href":"https:\/\/nvnoticias.mx\/index.php\/wp-json\/wp\/v2\/posts\/122387\/revisions"}],"predecessor-version":[{"id":122389,"href":"https:\/\/nvnoticias.mx\/index.php\/wp-json\/wp\/v2\/posts\/122387\/revisions\/122389"}],"wp:featuredmedia":[{"embeddable":true,"href":"https:\/\/nvnoticias.mx\/index.php\/wp-json\/wp\/v2\/media\/16172"}],"wp:attachment":[{"href":"https:\/\/nvnoticias.mx\/index.php\/wp-json\/wp\/v2\/media?parent=122387"}],"wp:term":[{"taxonomy":"category","embeddable":true,"href":"https:\/\/nvnoticias.mx\/index.php\/wp-json\/wp\/v2\/categories?post=122387"},{"taxonomy":"post_tag","embeddable":true,"href":"https:\/\/nvnoticias.mx\/index.php\/wp-json\/wp\/v2\/tags?post=122387"}],"curies":[{"name":"wp","href":"https:\/\/api.w.org\/{rel}","templated":true}]}}