{"id":122372,"date":"2023-09-25T12:18:23","date_gmt":"2023-09-25T17:18:23","guid":{"rendered":"https:\/\/nvnoticias.mx\/?p=122372"},"modified":"2023-09-25T12:18:24","modified_gmt":"2023-09-25T17:18:24","slug":"uriel-carmona-sin-rencores-contra-sheinbaum-por-detencion","status":"publish","type":"post","link":"https:\/\/nvnoticias.mx\/index.php\/2023\/09\/25\/uriel-carmona-sin-rencores-contra-sheinbaum-por-detencion\/","title":{"rendered":"Uriel Carmona sin rencores contra Sheinbaum por detenci\u00f3n"},"content":{"rendered":"\n<p>\u201cEstamos positivos en que esto se ir\u00e1 aclarando\u201d, asegur\u00f3 este lunes el<a href=\"https:\/\/www.elfinanciero.com.mx\/estados\/2023\/09\/22\/fiscal-de-morelos-uriel-carmona-sale-de-penal-del-altiplano-tras-obtener-amparo\/\"> fiscal de Morelos, Uriel Carmona<\/a>, quien el pasado 22 de septiembre abandon\u00f3 el <strong>penal \u2018El Altiplano\u2019 <\/strong>tras ser detenido por autoridades capitalinas.<\/p>\n\n\n\n<p>Carmona, en entrevista con Ciro G\u00f3mez Leyva, se dijo tranquilo a pesar de la <strong>inconformidad que extern\u00f3 Claudia Sheinbaum<\/strong>, abanderada presidencial de Morena, sobre su liberaci\u00f3n:<\/p>\n\n\n\n<blockquote class=\"wp-block-quote is-layout-flow wp-block-quote-is-layout-flow\"><p>\u201cMi deseo es la mejor de las suertes para ella y para todos, de mi parte lo \u00fanico que quiero es demostrar que no he cometido ning\u00fan delito ante las autoridades\u201d, sostuvo.<\/p><\/blockquote>\n\n\n\n<p>Ante esto, reiter\u00f3 que su objetivo es demostrar que no ha cometido <a href=\"https:\/\/www.elfinanciero.com.mx\/estados\/2023\/09\/08\/feminicidio-de-ariadna-fernanda-uriel-n-es-senalado-como-posible-auxiliador-del-delito\/\">alguna conducta il\u00edcita<\/a> que se pueda reprochar: \u201cYo tengo la imperiosa necesidad de limpiar mi nombre, la tranquilidad es lo que da, de no haber cometido ning\u00fan il\u00edcito\u201d.<\/p>\n\n\n\n<p>Por esta raz\u00f3n, el fiscal de Morelos recalc\u00f3 que no tiene<strong> resentimiento por \u201cnadie\u201d,<\/strong> incluso hay respeto, y lo \u00fanico que pretende es defenderse legalmente:<\/p>\n\n\n\n<blockquote class=\"wp-block-quote is-layout-flow wp-block-quote-is-layout-flow\"><p>\u201cLa tranquilidad, la paz de no haber cometido ning\u00fan delito y, por supuesto, que no tenemos pleito con nadie, lo \u00fanico que estamos haciendo es defendernos legalmente y constitucionalmente con la protecci\u00f3n de un fuero constitucional\u201d, agreg\u00f3.<\/p><\/blockquote>\n\n\n\n<p>Sobre el proceso que mantiene abierto con las autoridades capitalinas, Uriel Carmona reiter\u00f3 que est\u00e1 en toda la disposici\u00f3n de cumplir con todas las audiencias, por lo que, dijo, no hay necesidad de <strong>girar otra orden de captura en su contra.<\/strong><\/p>\n\n\n\n<blockquote class=\"wp-block-quote is-layout-flow wp-block-quote-is-layout-flow\"><p>\u201cNo hay necesidad de detener a alguien cuando no hay necesidad de cautela, esto quiere decir que cuando una persona est\u00e1 dispuesta a responder de manera voluntaria, no hay por qu\u00e9 privarlo de la libertad\u201d, a\u00f1adi\u00f3.<\/p><\/blockquote>\n\n\n\n<p>El fiscal ha enfrentado a la justicia con <strong>cuatro amparos concedidos<\/strong>, el primero relacionado con retardo de la justicia, un segundo que tiene que ver con encubrimiento por favorecimiento, uno m\u00e1s por feminicidio en calidad de auxiliador en el caso de la joven Ariadna Fernanda y el m\u00e1s reciente por tortura en el caso de Luis Alberto N, alias \u201cEl Diablo\u201d.<\/p>\n\n\n\n<p>Fuente: <a href=\"https:\/\/www.elfinanciero.com.mx\/estados\/2023\/09\/25\/uriel-carmona-sin-rencores-contra-sheinbaum-por-detencion-la-mejor-de-las-suertes-para-ella\/?outputType=amp\" data-type=\"URL\" data-id=\"https:\/\/www.elfinanciero.com.mx\/estados\/2023\/09\/25\/uriel-carmona-sin-rencores-contra-sheinbaum-por-detencion-la-mejor-de-las-suertes-para-ella\/?outputType=amp\">El Financiero<\/a><\/p>\n","protected":false},"excerpt":{"rendered":"<p>\u201cEstamos positivos en que esto se ir\u00e1 aclarando\u201d, asegur\u00f3 este lunes el fiscal de Morelos, Uriel Carmona, quien el pasado 22 de septiembre abandon\u00f3 el penal \u2018El Altiplano\u2019 tras ser detenido por autoridades capitalinas. Carmona, en entrevista con Ciro G\u00f3mez Leyva, se dijo tranquilo a pesar de la inconformidad que extern\u00f3 Claudia Sheinbaum, abanderada presidencial [&hellip;]<\/p>\n","protected":false},"author":35,"featured_media":116187,"comment_status":"open","ping_status":"open","sticky":false,"template":"","format":"standard","meta":{"_monsterinsights_skip_tracking":false,"_monsterinsights_sitenote_active":false,"_monsterinsights_sitenote_note":"","_monsterinsights_sitenote_category":0,"footnotes":""},"categories":[158],"tags":[2801,27444,26669],"class_list":["post-122372","post","type-post","status-publish","format-standard","has-post-thumbnail","hentry","category-politica","tag-claudia-sheinbaum","tag-sin-rencores","tag-uriel-carmona","wp-image-borders"],"amp_enabled":true,"_links":{"self":[{"href":"https:\/\/nvnoticias.mx\/index.php\/wp-json\/wp\/v2\/posts\/122372","targetHints":{"allow":["GET"]}}],"collection":[{"href":"https:\/\/nvnoticias.mx\/index.php\/wp-json\/wp\/v2\/posts"}],"about":[{"href":"https:\/\/nvnoticias.mx\/index.php\/wp-json\/wp\/v2\/types\/post"}],"author":[{"embeddable":true,"href":"https:\/\/nvnoticias.mx\/index.php\/wp-json\/wp\/v2\/users\/35"}],"replies":[{"embeddable":true,"href":"https:\/\/nvnoticias.mx\/index.php\/wp-json\/wp\/v2\/comments?post=122372"}],"version-history":[{"count":1,"href":"https:\/\/nvnoticias.mx\/index.php\/wp-json\/wp\/v2\/posts\/122372\/revisions"}],"predecessor-version":[{"id":122373,"href":"https:\/\/nvnoticias.mx\/index.php\/wp-json\/wp\/v2\/posts\/122372\/revisions\/122373"}],"wp:featuredmedia":[{"embeddable":true,"href":"https:\/\/nvnoticias.mx\/index.php\/wp-json\/wp\/v2\/media\/116187"}],"wp:attachment":[{"href":"https:\/\/nvnoticias.mx\/index.php\/wp-json\/wp\/v2\/media?parent=122372"}],"wp:term":[{"taxonomy":"category","embeddable":true,"href":"https:\/\/nvnoticias.mx\/index.php\/wp-json\/wp\/v2\/categories?post=122372"},{"taxonomy":"post_tag","embeddable":true,"href":"https:\/\/nvnoticias.mx\/index.php\/wp-json\/wp\/v2\/tags?post=122372"}],"curies":[{"name":"wp","href":"https:\/\/api.w.org\/{rel}","templated":true}]}}