{"id":122157,"date":"2023-09-22T19:30:13","date_gmt":"2023-09-23T00:30:13","guid":{"rendered":"https:\/\/nvnoticias.mx\/?p=122157"},"modified":"2023-09-22T19:30:14","modified_gmt":"2023-09-23T00:30:14","slug":"nunez-seguira-como-aguila-de-veracruz","status":"publish","type":"post","link":"https:\/\/nvnoticias.mx\/index.php\/2023\/09\/22\/nunez-seguira-como-aguila-de-veracruz\/","title":{"rendered":"N\u00fa\u00f1ez seguir\u00e1 como \u00c1guila de Veracruz"},"content":{"rendered":"\n<p>El estelar dominicano Gustavo N\u00fa\u00f1ez continuar\u00e1 como jugador de El \u00c1guila de Veracruz gracias a un movimiento con la organizaci\u00f3n de Guerreros de Oaxaca, quienes reciben a Alexi Amarista.<\/p>\n\n\n\n<p>Este cambio entre ambos equipos se da previo al arranque de la temporada 2023, en ese momento la novena b\u00e9lica no requer\u00eda a Amarista, por lo cual el venezolano y N\u00fa\u00f1ez jugar\u00edan juntos con El \u00c1guila, sin embargo, el venezolano se lesion\u00f3 y no pudo jugar.<\/p>\n\n\n\n<p>Al culminar la temporada 2023, este movimiento definitivo se da por efectivo, por lo cual Amarista pasa a los Guerreros de Oaxaca y Gustavo N\u00fa\u00f1ez continuar\u00e1 como jugador de El Glorioso.<\/p>\n\n\n\n<p>El \u00c1guila de Veracruz agradece el compromiso y entrega de Alexi Amarista durante su etapa como jugador de El Glorioso y que siempre ser\u00e1 recordado como el primer jugador en la Era Pasquel con El \u00c1guila en batear el ciclo.<\/p>\n","protected":false},"excerpt":{"rendered":"<p>El estelar dominicano Gustavo N\u00fa\u00f1ez continuar\u00e1 como jugador de El \u00c1guila de Veracruz gracias a un movimiento con la organizaci\u00f3n de Guerreros de Oaxaca, quienes reciben a Alexi Amarista. Este cambio entre ambos equipos se da previo al arranque de la temporada 2023, en ese momento la novena b\u00e9lica no requer\u00eda a Amarista, por lo [&hellip;]<\/p>\n","protected":false},"author":8,"featured_media":122158,"comment_status":"open","ping_status":"open","sticky":false,"template":"","format":"standard","meta":{"_monsterinsights_skip_tracking":false,"_monsterinsights_sitenote_active":false,"_monsterinsights_sitenote_note":"","_monsterinsights_sitenote_category":0,"footnotes":""},"categories":[159],"tags":[1195,24171],"class_list":["post-122157","post","type-post","status-publish","format-standard","has-post-thumbnail","hentry","category-deportes","tag-el-aguila-de-veracruz","tag-gustavo-nunez","wp-image-borders"],"amp_enabled":true,"_links":{"self":[{"href":"https:\/\/nvnoticias.mx\/index.php\/wp-json\/wp\/v2\/posts\/122157","targetHints":{"allow":["GET"]}}],"collection":[{"href":"https:\/\/nvnoticias.mx\/index.php\/wp-json\/wp\/v2\/posts"}],"about":[{"href":"https:\/\/nvnoticias.mx\/index.php\/wp-json\/wp\/v2\/types\/post"}],"author":[{"embeddable":true,"href":"https:\/\/nvnoticias.mx\/index.php\/wp-json\/wp\/v2\/users\/8"}],"replies":[{"embeddable":true,"href":"https:\/\/nvnoticias.mx\/index.php\/wp-json\/wp\/v2\/comments?post=122157"}],"version-history":[{"count":1,"href":"https:\/\/nvnoticias.mx\/index.php\/wp-json\/wp\/v2\/posts\/122157\/revisions"}],"predecessor-version":[{"id":122159,"href":"https:\/\/nvnoticias.mx\/index.php\/wp-json\/wp\/v2\/posts\/122157\/revisions\/122159"}],"wp:featuredmedia":[{"embeddable":true,"href":"https:\/\/nvnoticias.mx\/index.php\/wp-json\/wp\/v2\/media\/122158"}],"wp:attachment":[{"href":"https:\/\/nvnoticias.mx\/index.php\/wp-json\/wp\/v2\/media?parent=122157"}],"wp:term":[{"taxonomy":"category","embeddable":true,"href":"https:\/\/nvnoticias.mx\/index.php\/wp-json\/wp\/v2\/categories?post=122157"},{"taxonomy":"post_tag","embeddable":true,"href":"https:\/\/nvnoticias.mx\/index.php\/wp-json\/wp\/v2\/tags?post=122157"}],"curies":[{"name":"wp","href":"https:\/\/api.w.org\/{rel}","templated":true}]}}