{"id":12213,"date":"2021-05-01T12:44:43","date_gmt":"2021-05-01T17:44:43","guid":{"rendered":"https:\/\/nvnoticias.mx\/?p=12213"},"modified":"2021-05-01T12:44:44","modified_gmt":"2021-05-01T17:44:44","slug":"telefonistas-podrian-emplazar-a-huelga","status":"publish","type":"post","link":"https:\/\/nvnoticias.mx\/index.php\/2021\/05\/01\/telefonistas-podrian-emplazar-a-huelga\/","title":{"rendered":"Telefonistas podr\u00edan emplazar a huelga"},"content":{"rendered":"\n<p><strong>Jes\u00fas Utrilla \/ NV Noticias<\/strong> <\/p>\n\n\n\n<p>Integrantes del Sindicato de Telefonistas secci\u00f3n 5 exigieron que se concrete la revisi\u00f3n del Contrato Colectivo de Trabajo.<\/p>\n\n\n\n<p>Alberto P\u00e9rez Lara, secretario general del gremio, dijo que dicha revisi\u00f3n debi\u00f3 concluir terminar el pasado 25 de abril, pero no hay avances.<\/p>\n\n\n\n<p>Acus\u00f3 que no existe voluntad por parte de la empresa por llevar a cabo dicha revisi\u00f3n por lo que decidieron marchar a pesar de la cancelaci\u00f3n del desfile del 1 de Mayo.<\/p>\n\n\n\n<blockquote class=\"wp-block-quote is-layout-flow wp-block-quote-is-layout-flow\"><p><em>\u201cEstamos exigiendo nuestros derechos como trabajadores y que se concluya la revisi\u00f3n salarial. Adem\u00e1s de ello queremos que los trabajadores nos manifestemos en contra de lo que la empresa nos da. No estamos de acuerdo en soportar por no nos otorga nada\u201d.<\/em><\/p><\/blockquote>\n\n\n\n<p>El l\u00edder sindical dijo que a partir del 20 Mayo el comit\u00e9 ejecutivo nacional de Telmex se reunir\u00e1 en la Ciudad de M\u00e9xico Y si la empresa no se resuelve las peticiones estallar\u00e1n la huelga.<\/p>\n\n\n\n<p>Agreg\u00f3 que est\u00e1n tambi\u00e9n en contra de la divisi\u00f3n funcional y de la eliminaci\u00f3n de la cl\u00e1usula 149, que habla de la jubilaci\u00f3n para los trabajadores que ingresen a Telmex.<\/p>\n\n\n\n<blockquote class=\"wp-block-quote is-layout-flow wp-block-quote-is-layout-flow\"><p><em>\u201cQuieren desaparecer porque nos dicen que nosotros somos los responsables de que las finanzas de la empresa no sean sanas. Ahora el que tenga 35 a\u00f1os de servicio tendr\u00e1 jubilaci\u00f3n. Nosotros le hemos dicho a la empresa que en 20 a\u00f1os fueron sacando las partes productivas como red de datos, torres y edificios\u201d.<\/em><\/p><\/blockquote>\n","protected":false},"excerpt":{"rendered":"<p>Jes\u00fas Utrilla \/ NV Noticias Integrantes del Sindicato de Telefonistas secci\u00f3n 5 exigieron que se concrete la revisi\u00f3n del Contrato Colectivo de Trabajo. Alberto P\u00e9rez Lara, secretario general del gremio, dijo que dicha revisi\u00f3n debi\u00f3 concluir terminar el pasado 25 de abril, pero no hay avances. Acus\u00f3 que no existe voluntad por parte de la [&hellip;]<\/p>\n","protected":false},"author":6,"featured_media":12214,"comment_status":"open","ping_status":"open","sticky":false,"template":"","format":"standard","meta":{"_monsterinsights_skip_tracking":false,"_monsterinsights_sitenote_active":false,"_monsterinsights_sitenote_note":"","_monsterinsights_sitenote_category":0,"footnotes":""},"categories":[154],"tags":[1129,3354],"class_list":["post-12213","post","type-post","status-publish","format-standard","has-post-thumbnail","hentry","category-veracruz","tag-huelga","tag-telefonistas","wp-image-borders"],"amp_enabled":true,"_links":{"self":[{"href":"https:\/\/nvnoticias.mx\/index.php\/wp-json\/wp\/v2\/posts\/12213","targetHints":{"allow":["GET"]}}],"collection":[{"href":"https:\/\/nvnoticias.mx\/index.php\/wp-json\/wp\/v2\/posts"}],"about":[{"href":"https:\/\/nvnoticias.mx\/index.php\/wp-json\/wp\/v2\/types\/post"}],"author":[{"embeddable":true,"href":"https:\/\/nvnoticias.mx\/index.php\/wp-json\/wp\/v2\/users\/6"}],"replies":[{"embeddable":true,"href":"https:\/\/nvnoticias.mx\/index.php\/wp-json\/wp\/v2\/comments?post=12213"}],"version-history":[{"count":1,"href":"https:\/\/nvnoticias.mx\/index.php\/wp-json\/wp\/v2\/posts\/12213\/revisions"}],"predecessor-version":[{"id":12215,"href":"https:\/\/nvnoticias.mx\/index.php\/wp-json\/wp\/v2\/posts\/12213\/revisions\/12215"}],"wp:featuredmedia":[{"embeddable":true,"href":"https:\/\/nvnoticias.mx\/index.php\/wp-json\/wp\/v2\/media\/12214"}],"wp:attachment":[{"href":"https:\/\/nvnoticias.mx\/index.php\/wp-json\/wp\/v2\/media?parent=12213"}],"wp:term":[{"taxonomy":"category","embeddable":true,"href":"https:\/\/nvnoticias.mx\/index.php\/wp-json\/wp\/v2\/categories?post=12213"},{"taxonomy":"post_tag","embeddable":true,"href":"https:\/\/nvnoticias.mx\/index.php\/wp-json\/wp\/v2\/tags?post=12213"}],"curies":[{"name":"wp","href":"https:\/\/api.w.org\/{rel}","templated":true}]}}