{"id":122116,"date":"2023-09-22T13:55:28","date_gmt":"2023-09-22T18:55:28","guid":{"rendered":"https:\/\/nvnoticias.mx\/?p=122116"},"modified":"2023-09-22T13:55:30","modified_gmt":"2023-09-22T18:55:30","slug":"revela-amlo-que-integrantes-de-su-gabinete-renunciaran-para-contender-a-cargos-en-2024","status":"publish","type":"post","link":"https:\/\/nvnoticias.mx\/index.php\/2023\/09\/22\/revela-amlo-que-integrantes-de-su-gabinete-renunciaran-para-contender-a-cargos-en-2024\/","title":{"rendered":"Revela AMLO que integrantes de su gabinete renunciar\u00e1n para contender a cargos en 2024"},"content":{"rendered":"\n<p>El presidente&nbsp;Andr\u00e9s Manuel L\u00f3pez Obrador, dio a conocer que entre ocho y diez funcionarios de su gabinete,&nbsp;<strong>ya le externaron decisi\u00f3n de separarse de sus funciones para buscar un cargo de elecci\u00f3n popular<\/strong>&nbsp;en los comicios del pr\u00f3ximo a\u00f1o y, sin dar nombres, indic\u00f3 que ya se tiene los suplentes.<\/p>\n\n\n\n<p><\/p>\n\n\n\n<blockquote class=\"wp-block-quote is-layout-flow wp-block-quote-is-layout-flow\"><p>\u201cNo hay predilectos, va a ser el pueblo el que va a decidir, que por cierto, yo ni deber\u00eda, para qu\u00e9 me meten en esto si yo, ya entregu\u00e9 el bast\u00f3n de mando, eso s\u00ed, porque tiene que ver con el gobierno y tenemos qu\u00e9 sustituir y hacer cambios, considero que son como ocho o diez&#8221;, el mandatario fue cuestionado si ya ten\u00edan remplazos a lo que respondi\u00f3, &#8220;s\u00ed, porque siempre trabajamos en equipo y hay mucha gente, muchas personas, mujeres, hombres, formados y hay quienes est\u00e1n muy contentos y quieren llegar al final, cerrar el ciclo\u201d.<\/p><\/blockquote>\n\n\n\n<blockquote class=\"wp-block-quote is-layout-flow wp-block-quote-is-layout-flow\"><p>Aclar\u00f3 que, aunque no es necesario renunciar \u201cpor cuestiones de transparencia, de \u00e9tica, que no se vaya a hablar de que est\u00e1n utilizando su cargo, es mejor que dediquen a la actividad de la transformaci\u00f3n en el movimiento\u201d.<\/p><\/blockquote>\n\n\n\n<h2 class=\"wp-block-heading\">Roc\u00edo Nahle y Hugo L\u00f3pez Gatell en la lista de renuncias<\/h2>\n\n\n\n<p>El Presidente no dio a conocer todos los nombres de los funcionarios que renunciar\u00e1n a sus puestos, pero&nbsp;<strong>adelant\u00f3 que Roc\u00edo Nahle, secretaria de Energ\u00eda, renunciar\u00e1 para buscar la candidatura a la gubernatura de Veracruz<\/strong>, mientras que&nbsp;<strong>Hugo L\u00f3pez \u2013 Gatell<\/strong>, subsecretario de Prevenci\u00f3n y Promoci\u00f3n de la Salud, se la Secretar\u00eda de Salud, quiere ser candidato a la Jefatura de Gobierno de la Ciudad de M\u00e9xico.<\/p>\n\n\n\n<blockquote class=\"wp-block-quote is-layout-flow wp-block-quote-is-layout-flow\"><p>\u201cEl caso de Roc\u00edo es del dominio p\u00fablico, ayer me mand\u00f3 ya muestras de la gasolina que se est\u00e1 produciendo en Dos Bocas y del di\u00e9sel, de la nueva refiner\u00eda, entonces ya est\u00e1 terminando y si ella tiene ese prop\u00f3sito adelante, que le vaya muy bien, es de primera, una mujer con principios, honesta, trabajadora\u201d.<\/p><\/blockquote>\n\n\n\n<blockquote class=\"wp-block-quote is-layout-flow wp-block-quote-is-layout-flow\"><p>\u201cMe dijo el Doctor L\u00f3pez-Gatell, no s\u00e9 pero&nbsp; creo que \u00e9l ya va a despedirse, tambi\u00e9n primero agradecerles a todos, imag\u00ednense lo que me han ayudado, todos, son buenos servidores p\u00fablicos, en momentos muy dif\u00edciles, en el caso de Hugo L\u00f3pez \u2013 Gatell aqu\u00ed dando la cara y un profesional, de primer orden, un buen servidor p\u00fablico\u201d.<\/p><\/blockquote>\n\n\n\n<p>L\u00f3pez Obrador coment\u00f3 que hay integrantes de su gabinete que han decidido concluir con su encargo hasta el final de esta administraci\u00f3n, tal y como pas\u00f3 con&nbsp;<strong>Zo\u00e9 Robledo<\/strong>, Director General del Instituto Mexicano del Seguro Social (IMSS), porque \u201c\u00e9l ten\u00eda muchas posibilidades en Chiapas para encabezar el movimiento de transformaci\u00f3n\u201d.<\/p>\n\n\n\n<h2 class=\"wp-block-heading\">Agradeci\u00f3 su decisi\u00f3n de cumplir con su compromiso.<\/h2>\n\n\n\n<blockquote class=\"wp-block-quote is-layout-flow wp-block-quote-is-layout-flow\"><p>\u201c\u00a1Imag\u00ednense la generosidad de Zo\u00e9! El decir: hago falta en esto y quiero terminar la misi\u00f3n\u201d.<\/p><\/blockquote>\n\n\n\n<p>El mandatario extern\u00f3 su rechazo a la aspiraci\u00f3n de su prima Manuelita Obrador,&nbsp;<strong>quien busca la candidatura al gobierno de Chiapas.<\/strong><\/p>\n\n\n\n<blockquote class=\"wp-block-quote is-layout-flow wp-block-quote-is-layout-flow\"><p>\u201cQue no debe participar,&nbsp; no quiero que se establezca o se restablezca la mala costumbre del amiguismo, del influyent\u00edsimo, del nepotismo, de todas esas lacras de la pol\u00edtica, no, mi familia no, si no, no avanzamos\u201d.<\/p><\/blockquote>\n\n\n\n<p>Explic\u00f3 que no habl\u00f3 directamente con su prima, pero, a trav\u00e9s de Zo\u00e9 Robledo, le envi\u00f3 un mensaje.<\/p>\n\n\n\n<blockquote class=\"wp-block-quote is-layout-flow wp-block-quote-is-layout-flow\"><p>\u201cCuando Zo\u00e9 decide no participar y al d\u00eda siguiente o a los dos d\u00edas aparece de que ella podr\u00eda buscar ser candidata al gobierno de Chiapas, entonces, con Zo\u00e9 habl\u00e9 y respetuosamente le mand\u00e9 decir que eso no y ella, despu\u00e9s, aclar\u00f3, sin embargo, no quiero que quede la ambig\u00fcedad, la duda\u201d.<\/p><\/blockquote>\n\n\n\n<p>Finalmente, L\u00f3pez Obrador agradeci\u00f3 a su esposa Beatriz Guti\u00e9rrez M\u00fcller y sus hijos,&nbsp;<strong>no hayan aceptado alg\u00fan cargo dentro de su administraci\u00f3n.<\/strong><\/p>\n\n\n\n<blockquote class=\"wp-block-quote is-layout-flow wp-block-quote-is-layout-flow\"><p>\u201cPorque decidi\u00f3 no ser primera dama y lo ha cumplido y no es abandonar el apoyo al movimiento al que cree o dejar de ayudarme, es que \u00bfpor qu\u00e9 primera dama? Y qu\u00e9 \u00bftodas las dem\u00e1s mujeres no son primera dama? Y a qui\u00e9n se elige. Beatriz se dedica a su trabajo, es maestra\u201d.<\/p><\/blockquote>\n\n\n\n<blockquote class=\"wp-block-quote is-layout-flow wp-block-quote-is-layout-flow\"><p>\u201cTengo que agradecerle mucho a mis hijos, grandes porque desde hace tiempo tenemos el compromiso, mientras yo est\u00e9 en activo, ning\u00fan cargo para ellos y no deben tampoco desarrollarse a la sombra de lo que por circunstancias fue el pap\u00e1, cada qui\u00e9n tiene que abrirse camino, salir adelante\u201d.<\/p><\/blockquote>\n\n\n\n<p>Fuente: <a href=\"https:\/\/www.milenio.com\/politica\/amlo-dice-que-renunciaran-en-su-gabinete-para-contender-en-el-2024\" data-type=\"URL\" data-id=\"https:\/\/www.milenio.com\/politica\/amlo-dice-que-renunciaran-en-su-gabinete-para-contender-en-el-2024\">Milenio<\/a> <\/p>\n","protected":false},"excerpt":{"rendered":"<p>El presidente&nbsp;Andr\u00e9s Manuel L\u00f3pez Obrador, dio a conocer que entre ocho y diez funcionarios de su gabinete,&nbsp;ya le externaron decisi\u00f3n de separarse de sus funciones para buscar un cargo de elecci\u00f3n popular&nbsp;en los comicios del pr\u00f3ximo a\u00f1o y, sin dar nombres, indic\u00f3 que ya se tiene los suplentes. \u201cNo hay predilectos, va a ser el [&hellip;]<\/p>\n","protected":false},"author":35,"featured_media":93031,"comment_status":"open","ping_status":"open","sticky":false,"template":"","format":"standard","meta":{"_monsterinsights_skip_tracking":false,"_monsterinsights_sitenote_active":false,"_monsterinsights_sitenote_note":"","_monsterinsights_sitenote_category":0,"footnotes":""},"categories":[158],"tags":[188,15607,25731,4687,12897,27422,8599],"class_list":["post-122116","post","type-post","status-publish","format-standard","has-post-thumbnail","hentry","category-politica","tag-amlo","tag-cargos","tag-contender","tag-gabinete","tag-integrantes","tag-renunciaran","tag-revela","wp-image-borders"],"amp_enabled":true,"_links":{"self":[{"href":"https:\/\/nvnoticias.mx\/index.php\/wp-json\/wp\/v2\/posts\/122116","targetHints":{"allow":["GET"]}}],"collection":[{"href":"https:\/\/nvnoticias.mx\/index.php\/wp-json\/wp\/v2\/posts"}],"about":[{"href":"https:\/\/nvnoticias.mx\/index.php\/wp-json\/wp\/v2\/types\/post"}],"author":[{"embeddable":true,"href":"https:\/\/nvnoticias.mx\/index.php\/wp-json\/wp\/v2\/users\/35"}],"replies":[{"embeddable":true,"href":"https:\/\/nvnoticias.mx\/index.php\/wp-json\/wp\/v2\/comments?post=122116"}],"version-history":[{"count":3,"href":"https:\/\/nvnoticias.mx\/index.php\/wp-json\/wp\/v2\/posts\/122116\/revisions"}],"predecessor-version":[{"id":122119,"href":"https:\/\/nvnoticias.mx\/index.php\/wp-json\/wp\/v2\/posts\/122116\/revisions\/122119"}],"wp:featuredmedia":[{"embeddable":true,"href":"https:\/\/nvnoticias.mx\/index.php\/wp-json\/wp\/v2\/media\/93031"}],"wp:attachment":[{"href":"https:\/\/nvnoticias.mx\/index.php\/wp-json\/wp\/v2\/media?parent=122116"}],"wp:term":[{"taxonomy":"category","embeddable":true,"href":"https:\/\/nvnoticias.mx\/index.php\/wp-json\/wp\/v2\/categories?post=122116"},{"taxonomy":"post_tag","embeddable":true,"href":"https:\/\/nvnoticias.mx\/index.php\/wp-json\/wp\/v2\/tags?post=122116"}],"curies":[{"name":"wp","href":"https:\/\/api.w.org\/{rel}","templated":true}]}}