{"id":122074,"date":"2023-09-22T12:20:32","date_gmt":"2023-09-22T17:20:32","guid":{"rendered":"https:\/\/nvnoticias.mx\/?p=122074"},"modified":"2023-09-22T12:20:33","modified_gmt":"2023-09-22T17:20:33","slug":"sale-uriel-carmona-del-penal-del-altiplano-en-edomex","status":"publish","type":"post","link":"https:\/\/nvnoticias.mx\/index.php\/2023\/09\/22\/sale-uriel-carmona-del-penal-del-altiplano-en-edomex\/","title":{"rendered":"Sale Uriel Carmona del penal del Altiplano en Edomex"},"content":{"rendered":"\n<p>El fiscal de Morelos,\u00a0Uriel Carmona G\u00e1ndara,\u00a0<strong>abandon\u00f3 el\u00a0penal del Altiplano<\/strong>, en el municipio de Almoloya de Ju\u00e1rez del Estado de M\u00e9xico,\u00a0la ma\u00f1ana de este viernes.<\/p>\n\n\n\n<p>El funcionario sali\u00f3 vestido con ropa deportiva color gris, una bolsa con sus pertenencias y no rindi\u00f3 declaraciones a medios de comunicaci\u00f3n.<\/p>\n\n\n\n<p>El fiscal obtuvo su libertad luego de que un juez considerara que pod\u00eda continuar con el&nbsp;<strong>proceso que enfrenta por tortura<\/strong>&nbsp;fuera de prisi\u00f3n.<\/p>\n\n\n\n<p>En este sentido, se notific\u00f3 v\u00eda electr\u00f3nica al Centro Federal de Readaptaci\u00f3n Social (<strong>Cefereso<\/strong>) 1, en el que se encontraba recluido, a las 15:00 horas de este jueves, sin embargo, su salida no fue inmediata como ordenaron las autoridades.<\/p>\n\n\n\n<p>Pasaron&nbsp;<strong>casi 19 horas<\/strong>&nbsp;hasta que Uriel Carmona sali\u00f3 por su propio pie del centro penitenciario. Al exterior hab\u00eda familiares y colaboradores cercanos que lo esperaban.<\/p>\n\n\n\n<p>A las 09:48 de la ma\u00f1ana sali\u00f3 por la puerta frontal, posteriormente sus allegados corrieron hacia \u00e9l y lo resguardaron&nbsp;<strong>hasta que abord\u00f3 una camioneta de color blanco<\/strong>. En otro veh\u00edculo igual iban sus acompa\u00f1antes.<\/p>\n\n\n\n<p>En el recorrido se le entrevist\u00f3 sobre&nbsp;<strong>cu\u00e1l ser\u00eda su destino<\/strong>&nbsp;o si tomar\u00eda alguna medida con respecto a este proceso judicial que enfrenta, sin embargo, no rindi\u00f3 declaraci\u00f3n alguna y se retiro en silencio del inmueble.<\/p>\n\n\n\n<p>Carmona G\u00e1ndara ha logrado obtener amparos luego de ser se\u00f1alado por su presunta participaci\u00f3n en diversos delitos, entre ellos retraso de la justicia, encubrimiento por favorecimiento y feminicidio en calidad de auxiliador en el caso de Ariadna Fernanda; mientras que el \u00faltimo proceso por el cual estuvo recluido, y este viernes obtuvo su libertad, fue tortura por el caso de un presunto delincuente apodado&nbsp;<em>El Diablo<\/em>.<\/p>\n\n\n\n<p>Autoridades federales como el presidente Andr\u00e9s Manuel L\u00f3pez Obrador y la secretaria de Gobernaci\u00f3n, Luisa Mar\u00eda Alcalde, se pronunciaron al respecto y desde\u00f1aron el trabajo de los jueces que permitieron la liberaci\u00f3n de Uriel Carmona.<\/p>\n\n\n\n<p>El fiscal hab\u00eda sido trasladado del reclusorio Sur, en la Ciudad de M\u00e9xico, al Altiplano al ser se\u00f1alado por su presunta responsabilidad en el&nbsp;<strong>delito de feminicidio<\/strong>&nbsp;en calidad de auxiliador.<\/p>\n\n\n\n<p>Ayer, un Tribunal Federal orden\u00f3, por cuarta ocasi\u00f3n,\u00a0que se deje en libertad a Uriel Carmona. Por unanimidad, el Tercer Tribunal Colegiado en Materias Penal y Administrativa con residencia en el Estado de Morelos, declar\u00f3 fundado el recurso de queja presentado por el ex funcionario y concedi\u00f3 la suspensi\u00f3n provisional.<\/p>\n\n\n\n<p>Uriel Carmona impugn\u00f3 la resoluci\u00f3n de Martha Eugenia Maga\u00f1a L\u00f3pez, jueza Quinto de Distrito en el estado de Morelos, quien neg\u00f3 otorgarle la suspensi\u00f3n provisional contra la prisi\u00f3n preventiva que se le impuso el 19 de septiembre por el&nbsp;<strong>delito de tortura<\/strong>&nbsp;en agravio de Luis Alberto Ibarra Ram\u00edrez,&nbsp;<em>El Diablo<\/em>.<\/p>\n\n\n\n<p>La defensa del fiscal dijo que ayer\u00a0no lograron tener contacto con\u00a0el fiscal, sin embargo, una vez que salga, habr\u00e1n de determinar si es que se dirigen a Morelos o se conducir\u00edan a alg\u00fan otro lugar.<\/p>\n\n\n\n<p>Por otro lado, el&nbsp;abogado de Luis Alberto Ibarra, alias&nbsp;<em>El Diablo<\/em>, inform\u00f3 que&nbsp;<strong>combatir\u00e1 la resoluci\u00f3n de libertad<\/strong>&nbsp;que obtuvo el titular de la Fiscal\u00eda General del Estado de Morelos.<\/p>\n\n\n\n<p>Gerardo Garc\u00eda, el abogado defensor de&nbsp;<em>El Diablo<\/em>, asegur\u00f3 que&nbsp;<strong>la determinaci\u00f3n judicial ya era esperada<\/strong>, pero que les sorprendi\u00f3 la velocidad con la que se llev\u00f3 a cabo, adem\u00e1s, indic\u00f3 que las partes involucradas no fueron avisadas.<\/p>\n\n\n\n<blockquote class=\"wp-block-quote is-layout-flow wp-block-quote-is-layout-flow\"><p>&#8220;Por las noticias me estoy enterando. Era una resoluci\u00f3n que nos esper\u00e1bamos, en funci\u00f3n de todos lo que ha sucedido anteriormente a favor del fiscal, donde todos los jugados federales terminan apoy\u00e1ndolo&#8221;, coment\u00f3 este jueves.<\/p><\/blockquote>\n\n\n\n<p>Fuente: <a href=\"https:\/\/www.milenio.com\/policia\/fiscal-morelos-uriel-carmona-sale-del-penal-altiplano\" data-type=\"URL\" data-id=\"https:\/\/www.milenio.com\/policia\/fiscal-morelos-uriel-carmona-sale-del-penal-altiplano\">Milenio<\/a><\/p>\n","protected":false},"excerpt":{"rendered":"<p>El fiscal de Morelos,\u00a0Uriel Carmona G\u00e1ndara,\u00a0abandon\u00f3 el\u00a0penal del Altiplano, en el municipio de Almoloya de Ju\u00e1rez del Estado de M\u00e9xico,\u00a0la ma\u00f1ana de este viernes. El funcionario sali\u00f3 vestido con ropa deportiva color gris, una bolsa con sus pertenencias y no rindi\u00f3 declaraciones a medios de comunicaci\u00f3n. El fiscal obtuvo su libertad luego de que un [&hellip;]<\/p>\n","protected":false},"author":35,"featured_media":120390,"comment_status":"open","ping_status":"open","sticky":false,"template":"","format":"standard","meta":{"_monsterinsights_skip_tracking":false,"_monsterinsights_sitenote_active":false,"_monsterinsights_sitenote_note":"","_monsterinsights_sitenote_category":0,"footnotes":""},"categories":[158],"tags":[4840,2376,519,26669],"class_list":["post-122074","post","type-post","status-publish","format-standard","has-post-thumbnail","hentry","category-politica","tag-altiplano","tag-edomex","tag-penal","tag-uriel-carmona","wp-image-borders"],"amp_enabled":true,"_links":{"self":[{"href":"https:\/\/nvnoticias.mx\/index.php\/wp-json\/wp\/v2\/posts\/122074","targetHints":{"allow":["GET"]}}],"collection":[{"href":"https:\/\/nvnoticias.mx\/index.php\/wp-json\/wp\/v2\/posts"}],"about":[{"href":"https:\/\/nvnoticias.mx\/index.php\/wp-json\/wp\/v2\/types\/post"}],"author":[{"embeddable":true,"href":"https:\/\/nvnoticias.mx\/index.php\/wp-json\/wp\/v2\/users\/35"}],"replies":[{"embeddable":true,"href":"https:\/\/nvnoticias.mx\/index.php\/wp-json\/wp\/v2\/comments?post=122074"}],"version-history":[{"count":5,"href":"https:\/\/nvnoticias.mx\/index.php\/wp-json\/wp\/v2\/posts\/122074\/revisions"}],"predecessor-version":[{"id":122080,"href":"https:\/\/nvnoticias.mx\/index.php\/wp-json\/wp\/v2\/posts\/122074\/revisions\/122080"}],"wp:featuredmedia":[{"embeddable":true,"href":"https:\/\/nvnoticias.mx\/index.php\/wp-json\/wp\/v2\/media\/120390"}],"wp:attachment":[{"href":"https:\/\/nvnoticias.mx\/index.php\/wp-json\/wp\/v2\/media?parent=122074"}],"wp:term":[{"taxonomy":"category","embeddable":true,"href":"https:\/\/nvnoticias.mx\/index.php\/wp-json\/wp\/v2\/categories?post=122074"},{"taxonomy":"post_tag","embeddable":true,"href":"https:\/\/nvnoticias.mx\/index.php\/wp-json\/wp\/v2\/tags?post=122074"}],"curies":[{"name":"wp","href":"https:\/\/api.w.org\/{rel}","templated":true}]}}