{"id":122001,"date":"2023-09-21T15:53:00","date_gmt":"2023-09-21T20:53:00","guid":{"rendered":"https:\/\/nvnoticias.mx\/?p=122001"},"modified":"2023-09-21T15:53:01","modified_gmt":"2023-09-21T20:53:01","slug":"ordena-tribunal-federal-de-morelos-libertad-de-fiscal-uriel-carmona","status":"publish","type":"post","link":"https:\/\/nvnoticias.mx\/index.php\/2023\/09\/21\/ordena-tribunal-federal-de-morelos-libertad-de-fiscal-uriel-carmona\/","title":{"rendered":"Ordena Tribunal federal de Morelos libertad de fiscal Uriel Carmona"},"content":{"rendered":"\n<p>Un Tribunal Federal orden\u00f3, por cuarta ocasi\u00f3n, que se deje en libertad a Uriel Carmona, fiscal el estado de Morelos, quien permanece interno en el penal de m\u00e1xima seguridad del Altiplano, en el Estado de M\u00e9xico.<\/p>\n\n\n\n<p>Hoy, por unanimidad, el Tercer Tribunal Colegiado en Materias Penal y Administrativa con residencia en el Estado de Morelos, declar\u00f3 fundado el recurso de queja presentado por el ex funcionario y concedi\u00f3 la suspensi\u00f3n provisional.<\/p>\n\n\n\n<p>Juan Pablo Bonifaz Escobar, magistrado ponente, propuso conceder la medida cautelar solicitada por el quejoso, propuesta que fue apoyada por sus hom\u00f3logos Nicol\u00e1s Nazar Sevilla y Yolanda Vel\u00e1zquez Rebollo, misma que ordena su inmediata libertad.<\/p>\n\n\n\n<p>Uriel Carmona impugn\u00f3 la resoluci\u00f3n de Martha Eugenia Maga\u00f1a L\u00f3pez, jueza Quinto de Distrito en el estado de Morelos, quien neg\u00f3 otorgarle la suspensi\u00f3n provisional contra la prisi\u00f3n preventiva que se le impuso el 19 de septiembre por el delito de tortura en agravio de Luis Alberto Ibarra Ram\u00edrez, El Diablo.<\/p>\n\n\n\n<p>En su resoluci\u00f3n, la juzgadora se\u00f1al\u00f3 que \u201cno desatiende las manifestaciones del quejoso en el sentido de que la restricci\u00f3n a la libertad personal emana de una medida cautelar impuesta por una autoridad judicial incompetente y se soslaya que el peticionario goza de protecci\u00f3n derivado de la inmunidad constitucional denominada fuero\u201d.<\/p>\n\n\n\n<p>Sin embargo, la jueza dijo que el tema constituye una cuesti\u00f3n de fondo que deber\u00e1 resolverse en el sumario de origen, motivo por el cual le neg\u00f3 la medida.<\/p>\n\n\n\n<p>Fuente: <a href=\"https:\/\/www.milenio.com\/policia\/tribunal-federal-morelos-ordena-libertad-fiscal-uriel-carmona\" data-type=\"URL\" data-id=\"https:\/\/www.milenio.com\/policia\/tribunal-federal-morelos-ordena-libertad-fiscal-uriel-carmona\">Milenio<\/a><\/p>\n","protected":false},"excerpt":{"rendered":"<p>Un Tribunal Federal orden\u00f3, por cuarta ocasi\u00f3n, que se deje en libertad a Uriel Carmona, fiscal el estado de Morelos, quien permanece interno en el penal de m\u00e1xima seguridad del Altiplano, en el Estado de M\u00e9xico. Hoy, por unanimidad, el Tercer Tribunal Colegiado en Materias Penal y Administrativa con residencia en el Estado de Morelos, [&hellip;]<\/p>\n","protected":false},"author":35,"featured_media":116187,"comment_status":"open","ping_status":"open","sticky":false,"template":"","format":"standard","meta":{"_monsterinsights_skip_tracking":false,"_monsterinsights_sitenote_active":false,"_monsterinsights_sitenote_note":"","_monsterinsights_sitenote_category":0,"footnotes":""},"categories":[158],"tags":[2519,9099,27400,26669],"class_list":["post-122001","post","type-post","status-publish","format-standard","has-post-thumbnail","hentry","category-politica","tag-libertad","tag-ordena","tag-tribunal-federal-de-morelos","tag-uriel-carmona","wp-image-borders"],"amp_enabled":true,"_links":{"self":[{"href":"https:\/\/nvnoticias.mx\/index.php\/wp-json\/wp\/v2\/posts\/122001","targetHints":{"allow":["GET"]}}],"collection":[{"href":"https:\/\/nvnoticias.mx\/index.php\/wp-json\/wp\/v2\/posts"}],"about":[{"href":"https:\/\/nvnoticias.mx\/index.php\/wp-json\/wp\/v2\/types\/post"}],"author":[{"embeddable":true,"href":"https:\/\/nvnoticias.mx\/index.php\/wp-json\/wp\/v2\/users\/35"}],"replies":[{"embeddable":true,"href":"https:\/\/nvnoticias.mx\/index.php\/wp-json\/wp\/v2\/comments?post=122001"}],"version-history":[{"count":1,"href":"https:\/\/nvnoticias.mx\/index.php\/wp-json\/wp\/v2\/posts\/122001\/revisions"}],"predecessor-version":[{"id":122002,"href":"https:\/\/nvnoticias.mx\/index.php\/wp-json\/wp\/v2\/posts\/122001\/revisions\/122002"}],"wp:featuredmedia":[{"embeddable":true,"href":"https:\/\/nvnoticias.mx\/index.php\/wp-json\/wp\/v2\/media\/116187"}],"wp:attachment":[{"href":"https:\/\/nvnoticias.mx\/index.php\/wp-json\/wp\/v2\/media?parent=122001"}],"wp:term":[{"taxonomy":"category","embeddable":true,"href":"https:\/\/nvnoticias.mx\/index.php\/wp-json\/wp\/v2\/categories?post=122001"},{"taxonomy":"post_tag","embeddable":true,"href":"https:\/\/nvnoticias.mx\/index.php\/wp-json\/wp\/v2\/tags?post=122001"}],"curies":[{"name":"wp","href":"https:\/\/api.w.org\/{rel}","templated":true}]}}