{"id":121969,"date":"2023-09-21T14:14:12","date_gmt":"2023-09-21T19:14:12","guid":{"rendered":"https:\/\/nvnoticias.mx\/?p=121969"},"modified":"2023-09-21T14:14:12","modified_gmt":"2023-09-21T19:14:12","slug":"llegada-de-empresas-a-veracruz-genero-mayor-arrendamiento","status":"publish","type":"post","link":"https:\/\/nvnoticias.mx\/index.php\/2023\/09\/21\/llegada-de-empresas-a-veracruz-genero-mayor-arrendamiento\/","title":{"rendered":"Llegada de empresas a Veracruz gener\u00f3 mayor arrendamiento"},"content":{"rendered":"\n<p><strong>Jes\u00fas Utrilla \/ NV Noticias <\/strong><\/p>\n\n\n\n<p>La llegada de empresas gener\u00f3 un incremento en  la compra- venta y el arrendamiento en Veracruz y Boca del R\u00edo, afirm\u00f3 M\u00f3nica Eugenia Miranda Pozos, presidenta de la Asociaci\u00f3n de Agentes Inmobiliarios de M\u00e9xico AC.<\/p>\n\n\n\n<p>Explic\u00f3 que desde la Riviera Veracruzana hasta la zona industrial se reporta mayor demanda de viviendas, sobre todo amuebladas.<\/p>\n\n\n\n<blockquote class=\"wp-block-quote is-layout-flow wp-block-quote-is-layout-flow\"><p><em>\u201cSon arrendamientos temporales pero algunos son de dos o tres a\u00f1os. Normalmente una renta es de un a\u00f1o pero algunos lo hacen para dos o tres a\u00f1os, es un mediano tiempo. Es tanto de construcci\u00f3n como de servicios\u201d.<\/em><\/p><\/blockquote>\n\n\n\n<p>Se trata de trabajadores que llegaron a participar a las nuevas compa\u00f1\u00eda y en el caso de los mandos medios a altos rentaron o compraron casas para asentarse con toda su familia. <\/p>\n\n\n\n<p>En el caso de los t\u00e9cnicos se trata de grupos de trabajadores que se quedan en la misma casa.Reiter\u00f3 que tanto la compra- venta como el arrendamiento tuvo mejora significativa en comparaci\u00f3n al a\u00f1o pasado, aunque no dio cifras.<\/p>\n\n\n\n<p>Por otro lado afirm\u00f3 que la parte tur\u00edstico- residencial tambi\u00e9n increment\u00f3, porque se considera a la zona conurbada un buen lugar para invertir.<\/p>\n\n\n\n<p>Adem\u00e1s plataformas como Airbnb generaron mayor renta de viviendas bajo esta modalidad.<\/p>\n\n\n\n<p>Aunque los hoteleros se quejan de esta forma de hospedarse llam\u00f3 a la cordura pues se trata de un nuevo servicio.<\/p>\n","protected":false},"excerpt":{"rendered":"<p>Jes\u00fas Utrilla \/ NV Noticias La llegada de empresas gener\u00f3 un incremento en la compra- venta y el arrendamiento en Veracruz y Boca del R\u00edo, afirm\u00f3 M\u00f3nica Eugenia Miranda Pozos, presidenta de la Asociaci\u00f3n de Agentes Inmobiliarios de M\u00e9xico AC. Explic\u00f3 que desde la Riviera Veracruzana hasta la zona industrial se reporta mayor demanda de [&hellip;]<\/p>\n","protected":false},"author":8,"featured_media":82581,"comment_status":"open","ping_status":"open","sticky":false,"template":"","format":"standard","meta":{"_monsterinsights_skip_tracking":false,"_monsterinsights_sitenote_active":false,"_monsterinsights_sitenote_note":"","_monsterinsights_sitenote_category":0,"footnotes":""},"categories":[154],"tags":[496,180],"class_list":["post-121969","post","type-post","status-publish","format-standard","has-post-thumbnail","hentry","category-veracruz","tag-empresas","tag-veracruz","wp-image-borders"],"amp_enabled":true,"_links":{"self":[{"href":"https:\/\/nvnoticias.mx\/index.php\/wp-json\/wp\/v2\/posts\/121969","targetHints":{"allow":["GET"]}}],"collection":[{"href":"https:\/\/nvnoticias.mx\/index.php\/wp-json\/wp\/v2\/posts"}],"about":[{"href":"https:\/\/nvnoticias.mx\/index.php\/wp-json\/wp\/v2\/types\/post"}],"author":[{"embeddable":true,"href":"https:\/\/nvnoticias.mx\/index.php\/wp-json\/wp\/v2\/users\/8"}],"replies":[{"embeddable":true,"href":"https:\/\/nvnoticias.mx\/index.php\/wp-json\/wp\/v2\/comments?post=121969"}],"version-history":[{"count":1,"href":"https:\/\/nvnoticias.mx\/index.php\/wp-json\/wp\/v2\/posts\/121969\/revisions"}],"predecessor-version":[{"id":121983,"href":"https:\/\/nvnoticias.mx\/index.php\/wp-json\/wp\/v2\/posts\/121969\/revisions\/121983"}],"wp:featuredmedia":[{"embeddable":true,"href":"https:\/\/nvnoticias.mx\/index.php\/wp-json\/wp\/v2\/media\/82581"}],"wp:attachment":[{"href":"https:\/\/nvnoticias.mx\/index.php\/wp-json\/wp\/v2\/media?parent=121969"}],"wp:term":[{"taxonomy":"category","embeddable":true,"href":"https:\/\/nvnoticias.mx\/index.php\/wp-json\/wp\/v2\/categories?post=121969"},{"taxonomy":"post_tag","embeddable":true,"href":"https:\/\/nvnoticias.mx\/index.php\/wp-json\/wp\/v2\/tags?post=121969"}],"curies":[{"name":"wp","href":"https:\/\/api.w.org\/{rel}","templated":true}]}}