{"id":12192,"date":"2021-05-01T10:48:35","date_gmt":"2021-05-01T15:48:35","guid":{"rendered":"https:\/\/nvnoticias.mx\/?p=12192"},"modified":"2021-05-01T10:48:36","modified_gmt":"2021-05-01T15:48:36","slug":"desfilan-sindicatos-por-independencia-por-el-dia-del-trabajo","status":"publish","type":"post","link":"https:\/\/nvnoticias.mx\/index.php\/2021\/05\/01\/desfilan-sindicatos-por-independencia-por-el-dia-del-trabajo\/","title":{"rendered":"Desfilan sindicatos por Independencia por el D\u00eda del Trabajo"},"content":{"rendered":"\n<p><strong>Jes\u00fas Utrilla \/ NV Noticias <\/strong><\/p>\n\n\n\n<p>En el Marco del D\u00eda del Trabajo los sindicatos de Tel\u00e9fonos de M\u00e9xico, la Uni\u00f3n de Estibadores y Jornaleros del Puerto de Veracruz y el extinto Sistema de Agua y Saneamiento Metropolitano marcharon por la avenida Independencia.<\/p>\n\n\n\n<p>Aprovecharon el 1 de mayo para efectuar reclamos y exigir soluci\u00f3n a las problem\u00e1ticas que aquejan a cada uno de los gremios.<\/p>\n\n\n\n<p>Por medio de pancartas y altavoces advirtieron que no permitir\u00e1n que se siga destruyendo la dignidad del pueblo trabajador.<\/p>\n\n\n\n<p>El sindicato del SAS se\u00f1al\u00f3 \u201cEntre morir de hambre y morir de covid preferimos vivir con dignidad\u201d.<\/p>\n\n\n\n<p>La Uni\u00f3n de Estibadores y Jornaleros del Puerto de Veracruz se\u00f1al\u00f3 que su marcha del s\u00e1bado fue por la defensa de los derechos laborales y sindicales.<\/p>\n\n\n\n<p>Los integrantes del gremio de Telmex se pronunciaron por el no a la separaci\u00f3n de la<br>Empresa. <\/p>\n\n\n\n<p>Acusaron que la empresa de tel\u00e9fonos no quiere solucionar la revisi\u00f3n salarial y les dicen que son pasivo laboral.<\/p>\n\n\n\n<p>Sin embargo, recordaron que los trabajadores enriquecieron a la empresa con su mano de obra.<\/p>\n\n\n\n<p>El sindicato de SAS realiz\u00f3 un plant\u00f3n en el Z\u00f3calo de la ciudad de Veracruz y volte\u00e1ndo al Palacio Municipal pidieron que se ponga fin, pero de la manera correcta, a la relaci\u00f3n laboral que sosten\u00edan.<\/p>\n\n\n\n<p>Cabe recordar que por motivo de la pandemia fue suspendido el desfile del 1 de Mayo, sin embargo, algunos sindicatos decidieron marchar para efectuar sus reclamos sin la presencia de ninguna autoridad.<\/p>\n","protected":false},"excerpt":{"rendered":"<p>Jes\u00fas Utrilla \/ NV Noticias En el Marco del D\u00eda del Trabajo los sindicatos de Tel\u00e9fonos de M\u00e9xico, la Uni\u00f3n de Estibadores y Jornaleros del Puerto de Veracruz y el extinto Sistema de Agua y Saneamiento Metropolitano marcharon por la avenida Independencia. Aprovecharon el 1 de mayo para efectuar reclamos y exigir soluci\u00f3n a las [&hellip;]<\/p>\n","protected":false},"author":6,"featured_media":12193,"comment_status":"open","ping_status":"open","sticky":false,"template":"","format":"standard","meta":{"_monsterinsights_skip_tracking":false,"_monsterinsights_sitenote_active":false,"_monsterinsights_sitenote_note":"","_monsterinsights_sitenote_category":0,"footnotes":""},"categories":[154],"tags":[3345,3344,792,1990],"class_list":["post-12192","post","type-post","status-publish","format-standard","has-post-thumbnail","hentry","category-veracruz","tag-desfile","tag-dia-del-trabajo","tag-independencia","tag-sindicatos","wp-image-borders"],"amp_enabled":true,"_links":{"self":[{"href":"https:\/\/nvnoticias.mx\/index.php\/wp-json\/wp\/v2\/posts\/12192","targetHints":{"allow":["GET"]}}],"collection":[{"href":"https:\/\/nvnoticias.mx\/index.php\/wp-json\/wp\/v2\/posts"}],"about":[{"href":"https:\/\/nvnoticias.mx\/index.php\/wp-json\/wp\/v2\/types\/post"}],"author":[{"embeddable":true,"href":"https:\/\/nvnoticias.mx\/index.php\/wp-json\/wp\/v2\/users\/6"}],"replies":[{"embeddable":true,"href":"https:\/\/nvnoticias.mx\/index.php\/wp-json\/wp\/v2\/comments?post=12192"}],"version-history":[{"count":1,"href":"https:\/\/nvnoticias.mx\/index.php\/wp-json\/wp\/v2\/posts\/12192\/revisions"}],"predecessor-version":[{"id":12194,"href":"https:\/\/nvnoticias.mx\/index.php\/wp-json\/wp\/v2\/posts\/12192\/revisions\/12194"}],"wp:featuredmedia":[{"embeddable":true,"href":"https:\/\/nvnoticias.mx\/index.php\/wp-json\/wp\/v2\/media\/12193"}],"wp:attachment":[{"href":"https:\/\/nvnoticias.mx\/index.php\/wp-json\/wp\/v2\/media?parent=12192"}],"wp:term":[{"taxonomy":"category","embeddable":true,"href":"https:\/\/nvnoticias.mx\/index.php\/wp-json\/wp\/v2\/categories?post=12192"},{"taxonomy":"post_tag","embeddable":true,"href":"https:\/\/nvnoticias.mx\/index.php\/wp-json\/wp\/v2\/tags?post=12192"}],"curies":[{"name":"wp","href":"https:\/\/api.w.org\/{rel}","templated":true}]}}