{"id":121919,"date":"2023-09-21T11:31:42","date_gmt":"2023-09-21T16:31:42","guid":{"rendered":"https:\/\/nvnoticias.mx\/?p=121919"},"modified":"2023-09-21T11:31:44","modified_gmt":"2023-09-21T16:31:44","slug":"gobierno-entregara-expediente-de-sedena-a-padres-de-43-normalistas-el-proximo-lunes","status":"publish","type":"post","link":"https:\/\/nvnoticias.mx\/index.php\/2023\/09\/21\/gobierno-entregara-expediente-de-sedena-a-padres-de-43-normalistas-el-proximo-lunes\/","title":{"rendered":"Gobierno entregar\u00e1 expediente de Sedena a padres de 43 normalistas el pr\u00f3ximo lunes"},"content":{"rendered":"\n<p>Los padres y madres de los&nbsp;43 estudiantes desaparecidos de Ayotzinapa&nbsp;ser\u00e1n recibidos nuevamente en Palacio Nacional el<strong>&nbsp;lunes 25 de septiembre a las 17:00 horas&nbsp;<\/strong>para que autoridades den respuesta al pliego petitorio que presentaron el mi\u00e9rcoles y que estriba en una solicitud de informaci\u00f3n a la Secretar\u00eda de la Defensa Nacional (Sedena).<\/p>\n\n\n\n<blockquote class=\"wp-block-quote is-layout-flow wp-block-quote-is-layout-flow\"><p>\u201cNosotros hemos estado entregando toda la informaci\u00f3n, la Sedena ha entregado toda la informaci\u00f3n, pero los padres insisten en que falta, entonces&nbsp;<strong>estamos haciendo de nuevo un acopio<\/strong>, no de informaci\u00f3n sino de lo que nos piden, qu\u00e9 se ha entregado, qu\u00e9 nos falta y si existe, para no seguir ahondado diferencias porque lo que menos queremos es que haya desinformaci\u00f3n\u201d, coment\u00f3 L\u00f3pez Obrador.<\/p><\/blockquote>\n\n\n\n<p>Adelant\u00f3 que \u00e9l no podr\u00e1 estar presente en la pr\u00f3xima reuni\u00f3n, pero dar\u00e1 la instrucci\u00f3n de entregarle a cada uno de los padres y madres un&nbsp;<strong>expediente completo de todo lo que se tenga<\/strong>, sin \u201cdocumentos testados, con renglones tachados o borrados\u201d.<\/p>\n\n\n\n<p>Seg\u00fan indic\u00f3 minutos despu\u00e9s, los documentos del Ej\u00e9rcito que exigen los familiares de los estudiantes son aquellos que el&nbsp;Grupo Interdisciplinario de Expertos Independientes (GIEI)&nbsp;se\u00f1al\u00f3 que a\u00fan no hab\u00edan sido entregados.<\/p>\n\n\n\n<p>En cuanto a los discos con grabaciones de integrantes del grupo criminal Guerreros Unidos que se emplean para su juicio en Estados Unidos y que incriminan a elementos militares mexicanos, apunt\u00f3 que no hay alguno faltante y que anexar\u00e1 la respuesta por parte del gobierno estadounidense sobre este tema en el expediente que se entregar\u00e1 el lunes.<\/p>\n\n\n\n<p>Fuente:<a href=\"https:\/\/www.elfinanciero.com.mx\/nacional\/2023\/09\/21\/amlo-mananera-temas-hoy-21-septiembre-2023-en-vivo\/?outputType=amp\" data-type=\"URL\" data-id=\"https:\/\/www.elfinanciero.com.mx\/nacional\/2023\/09\/21\/amlo-mananera-temas-hoy-21-septiembre-2023-en-vivo\/?outputType=amp\"> El Financiero<\/a> <\/p>\n","protected":false},"excerpt":{"rendered":"<p>Los padres y madres de los&nbsp;43 estudiantes desaparecidos de Ayotzinapa&nbsp;ser\u00e1n recibidos nuevamente en Palacio Nacional el&nbsp;lunes 25 de septiembre a las 17:00 horas&nbsp;para que autoridades den respuesta al pliego petitorio que presentaron el mi\u00e9rcoles y que estriba en una solicitud de informaci\u00f3n a la Secretar\u00eda de la Defensa Nacional (Sedena). \u201cNosotros hemos estado entregando toda [&hellip;]<\/p>\n","protected":false},"author":35,"featured_media":19814,"comment_status":"open","ping_status":"open","sticky":false,"template":"","format":"standard","meta":{"_monsterinsights_skip_tracking":false,"_monsterinsights_sitenote_active":false,"_monsterinsights_sitenote_note":"","_monsterinsights_sitenote_category":0,"footnotes":""},"categories":[157],"tags":[6371,20959,3935,299,162,617],"class_list":["post-121919","post","type-post","status-publish","format-standard","has-post-thumbnail","hentry","category-nacional","tag-43-normalistas","tag-entregara","tag-expediente","tag-gobierno","tag-portada","tag-sedena","wp-image-borders"],"amp_enabled":true,"_links":{"self":[{"href":"https:\/\/nvnoticias.mx\/index.php\/wp-json\/wp\/v2\/posts\/121919","targetHints":{"allow":["GET"]}}],"collection":[{"href":"https:\/\/nvnoticias.mx\/index.php\/wp-json\/wp\/v2\/posts"}],"about":[{"href":"https:\/\/nvnoticias.mx\/index.php\/wp-json\/wp\/v2\/types\/post"}],"author":[{"embeddable":true,"href":"https:\/\/nvnoticias.mx\/index.php\/wp-json\/wp\/v2\/users\/35"}],"replies":[{"embeddable":true,"href":"https:\/\/nvnoticias.mx\/index.php\/wp-json\/wp\/v2\/comments?post=121919"}],"version-history":[{"count":2,"href":"https:\/\/nvnoticias.mx\/index.php\/wp-json\/wp\/v2\/posts\/121919\/revisions"}],"predecessor-version":[{"id":121921,"href":"https:\/\/nvnoticias.mx\/index.php\/wp-json\/wp\/v2\/posts\/121919\/revisions\/121921"}],"wp:featuredmedia":[{"embeddable":true,"href":"https:\/\/nvnoticias.mx\/index.php\/wp-json\/wp\/v2\/media\/19814"}],"wp:attachment":[{"href":"https:\/\/nvnoticias.mx\/index.php\/wp-json\/wp\/v2\/media?parent=121919"}],"wp:term":[{"taxonomy":"category","embeddable":true,"href":"https:\/\/nvnoticias.mx\/index.php\/wp-json\/wp\/v2\/categories?post=121919"},{"taxonomy":"post_tag","embeddable":true,"href":"https:\/\/nvnoticias.mx\/index.php\/wp-json\/wp\/v2\/tags?post=121919"}],"curies":[{"name":"wp","href":"https:\/\/api.w.org\/{rel}","templated":true}]}}