{"id":12150,"date":"2021-04-30T13:34:48","date_gmt":"2021-04-30T18:34:48","guid":{"rendered":"https:\/\/nvnoticias.mx\/?p=12150"},"modified":"2021-04-30T13:34:50","modified_gmt":"2021-04-30T18:34:50","slug":"imss-veracruz-norte-alerta-a-padres-sobre-el-trastorno-por-deficit-de-atencion","status":"publish","type":"post","link":"https:\/\/nvnoticias.mx\/index.php\/2021\/04\/30\/imss-veracruz-norte-alerta-a-padres-sobre-el-trastorno-por-deficit-de-atencion\/","title":{"rendered":"IMSS Veracruz Norte alerta a padres sobre el trastorno por d\u00e9ficit de atenci\u00f3n"},"content":{"rendered":"\n<p>El Instituto Mexicano del Seguro Social (IMSS) en Veracruz Norte, invita a los padres a prestar atenci\u00f3n al desarrollo cognitivo de los hijos para detectar oportunamente alg\u00fan tipo de trastorno emocional que se pueda presentar derivado del confinamiento prolongado.<\/p>\n\n\n\n<p>El trastorno por d\u00e9ficit de atenci\u00f3n (TDA), es una condici\u00f3n neurobiol\u00f3gica que llega a desarrollase durante la infancia y su origen es multifactorial, el cual puede llegar a afectar las \u00e1reas tanto conductuales, como cognitivas de los ni\u00f1os, informo la psiquiatra del Hospital General de Zona\u00a0(HGZ) No. 11,\u00a0Sol Esther Dominguez M\u00e9ndez.<\/p>\n\n\n\n<p>El TDA es un padecimiento cr\u00f3nico de inicio en la infancia y se hace evidente cuando el menor entra a la primaria, debido a las exigencias acad\u00e9micas que requieren de periodos m\u00e1s largos de atenci\u00f3n; este trastorno se manifiesta por inatenci\u00f3n, hiperactividad e impulsividad.<\/p>\n\n\n\n<p>La carga gen\u00e9tica es uno de los factores de riesgo que puede determinar que este trastorno se presente, su diagn\u00f3stico es cl\u00ednico y se apoya con los reportes que los padres hacen ante la conducta del ni\u00f1o, en ocasiones se requiere de estudios complementarios como un electroencefalograma o una tomograf\u00eda.<\/p>\n\n\n\n<p>A trav\u00e9s de los m\u00e9dicos de las Unidades de Medicina Familiar (UMF), como primera l\u00ednea de atenci\u00f3n, el Instituto busca hacer un diagn\u00f3stico oportuno de este padecimiento y determinar el tipo de especialidad (Neuropediatr\u00eda, Paidopsiquiatr\u00eda, Pediatr\u00eda, Neurolog\u00eda, Psiquiatr\u00eda y Psicolog\u00eda) para iniciar su tratamiento.<\/p>\n\n\n\n<p>Por \u00faltimo, apunt\u00f3 la especialista que el tratamiento del d\u00e9ficit de<br>atenci\u00f3n debe ser integral, personal y multidisciplinario para determinar<br>el abordaje adecuado.<\/p>\n","protected":false},"excerpt":{"rendered":"<p>El Instituto Mexicano del Seguro Social (IMSS) en Veracruz Norte, invita a los padres a prestar atenci\u00f3n al desarrollo cognitivo de los hijos para detectar oportunamente alg\u00fan tipo de trastorno emocional que se pueda presentar derivado del confinamiento prolongado. El trastorno por d\u00e9ficit de atenci\u00f3n (TDA), es una condici\u00f3n neurobiol\u00f3gica que llega a desarrollase durante [&hellip;]<\/p>\n","protected":false},"author":6,"featured_media":12151,"comment_status":"open","ping_status":"open","sticky":false,"template":"","format":"standard","meta":{"_monsterinsights_skip_tracking":false,"_monsterinsights_sitenote_active":false,"_monsterinsights_sitenote_note":"","_monsterinsights_sitenote_category":0,"footnotes":""},"categories":[154],"tags":[3330,1687,3331],"class_list":["post-12150","post","type-post","status-publish","format-standard","has-post-thumbnail","hentry","category-veracruz","tag-deficit-de-ataencion","tag-imss-veracruz-norte","tag-trastorno","wp-image-borders"],"amp_enabled":true,"_links":{"self":[{"href":"https:\/\/nvnoticias.mx\/index.php\/wp-json\/wp\/v2\/posts\/12150","targetHints":{"allow":["GET"]}}],"collection":[{"href":"https:\/\/nvnoticias.mx\/index.php\/wp-json\/wp\/v2\/posts"}],"about":[{"href":"https:\/\/nvnoticias.mx\/index.php\/wp-json\/wp\/v2\/types\/post"}],"author":[{"embeddable":true,"href":"https:\/\/nvnoticias.mx\/index.php\/wp-json\/wp\/v2\/users\/6"}],"replies":[{"embeddable":true,"href":"https:\/\/nvnoticias.mx\/index.php\/wp-json\/wp\/v2\/comments?post=12150"}],"version-history":[{"count":1,"href":"https:\/\/nvnoticias.mx\/index.php\/wp-json\/wp\/v2\/posts\/12150\/revisions"}],"predecessor-version":[{"id":12152,"href":"https:\/\/nvnoticias.mx\/index.php\/wp-json\/wp\/v2\/posts\/12150\/revisions\/12152"}],"wp:featuredmedia":[{"embeddable":true,"href":"https:\/\/nvnoticias.mx\/index.php\/wp-json\/wp\/v2\/media\/12151"}],"wp:attachment":[{"href":"https:\/\/nvnoticias.mx\/index.php\/wp-json\/wp\/v2\/media?parent=12150"}],"wp:term":[{"taxonomy":"category","embeddable":true,"href":"https:\/\/nvnoticias.mx\/index.php\/wp-json\/wp\/v2\/categories?post=12150"},{"taxonomy":"post_tag","embeddable":true,"href":"https:\/\/nvnoticias.mx\/index.php\/wp-json\/wp\/v2\/tags?post=12150"}],"curies":[{"name":"wp","href":"https:\/\/api.w.org\/{rel}","templated":true}]}}