{"id":12140,"date":"2021-04-30T12:06:44","date_gmt":"2021-04-30T17:06:44","guid":{"rendered":"https:\/\/nvnoticias.mx\/?p=12140"},"modified":"2021-04-30T12:09:49","modified_gmt":"2021-04-30T17:09:49","slug":"invitan-a-los-veracruzanos-a-votar-el-1-de-agosto-por-juicio-a-expresidentes","status":"publish","type":"post","link":"https:\/\/nvnoticias.mx\/index.php\/2021\/04\/30\/invitan-a-los-veracruzanos-a-votar-el-1-de-agosto-por-juicio-a-expresidentes\/","title":{"rendered":"Invitan a los veracruzanos a votar el 1 de agosto por juicio a expresidentes"},"content":{"rendered":"\n<p><strong>Jes\u00fas Utrilla \/ NV Noticias<\/strong> <\/p>\n\n\n\n<p>El Instituto Nacional Electoral instalar\u00e1 en Veracruz 4 mil centros de votaci\u00f3n para la consulta sobre juicio a expresidentes.<\/p>\n\n\n\n<p>Ariadna Bahena, integrante de la Gira por la Verdad, explic\u00f3 que se espera que voten al menos 2 millones 400 mil ciudadanos.<\/p>\n\n\n\n<p>Se preguntar\u00e1 si la persona est\u00e1 de acuerdo en que se lleven a cabo acciones legales penales en contra de actores pol\u00edticos del pasado que da\u00f1aron al pueblo Mexicano.<\/p>\n\n\n\n<p>Por su parte Alina Duarte se\u00f1al\u00f3 que en la gira recorren los diferentes estados de la Rep\u00fablica para que la gente atienda el llamado y se organice con sus vecinos para votar.<\/p>\n\n\n\n<p>El a\u00f1o pasado juntaron firmas para lograr que procediera la primera consulta popular y la Suprema Corte de Justicia design\u00f3 el 1 de agosto no solo para enjuiciar a expresidentes sino tambi\u00e9n a actores pol\u00edticos del pasado.<\/p>\n\n\n\n<blockquote class=\"wp-block-quote is-layout-flow wp-block-quote-is-layout-flow\"><p><em>\u201cLa invitaci\u00f3n es a que los ciudadanos salgamos a votar. La campa\u00f1a juicio s\u00ed impunidad no, es a favor de la consulta\u201d.<\/em><\/p><\/blockquote>\n\n\n\n<p>Para no violentar el derecho de presunci\u00f3n de inocencia no dieron nombres pero aclararon que se busca enjuiciar a expresidentes, exgobernadores, exalcaldes, ente otros que hayan incurrido en actos graves que hayan da\u00f1ado al pa\u00eds.<\/p>\n","protected":false},"excerpt":{"rendered":"<p>Jes\u00fas Utrilla \/ NV Noticias El Instituto Nacional Electoral instalar\u00e1 en Veracruz 4 mil centros de votaci\u00f3n para la consulta sobre juicio a expresidentes. Ariadna Bahena, integrante de la Gira por la Verdad, explic\u00f3 que se espera que voten al menos 2 millones 400 mil ciudadanos. Se preguntar\u00e1 si la persona est\u00e1 de acuerdo en [&hellip;]<\/p>\n","protected":false},"author":6,"featured_media":10362,"comment_status":"open","ping_status":"open","sticky":false,"template":"","format":"standard","meta":{"_monsterinsights_skip_tracking":false,"_monsterinsights_sitenote_active":false,"_monsterinsights_sitenote_note":"","_monsterinsights_sitenote_category":0,"footnotes":""},"categories":[154],"tags":[3326,3325,443,1042],"class_list":["post-12140","post","type-post","status-publish","format-standard","has-post-thumbnail","hentry","category-veracruz","tag-1-de-agosto","tag-expresidentes","tag-ine","tag-juicio","wp-image-borders"],"amp_enabled":true,"_links":{"self":[{"href":"https:\/\/nvnoticias.mx\/index.php\/wp-json\/wp\/v2\/posts\/12140","targetHints":{"allow":["GET"]}}],"collection":[{"href":"https:\/\/nvnoticias.mx\/index.php\/wp-json\/wp\/v2\/posts"}],"about":[{"href":"https:\/\/nvnoticias.mx\/index.php\/wp-json\/wp\/v2\/types\/post"}],"author":[{"embeddable":true,"href":"https:\/\/nvnoticias.mx\/index.php\/wp-json\/wp\/v2\/users\/6"}],"replies":[{"embeddable":true,"href":"https:\/\/nvnoticias.mx\/index.php\/wp-json\/wp\/v2\/comments?post=12140"}],"version-history":[{"count":1,"href":"https:\/\/nvnoticias.mx\/index.php\/wp-json\/wp\/v2\/posts\/12140\/revisions"}],"predecessor-version":[{"id":12141,"href":"https:\/\/nvnoticias.mx\/index.php\/wp-json\/wp\/v2\/posts\/12140\/revisions\/12141"}],"wp:featuredmedia":[{"embeddable":true,"href":"https:\/\/nvnoticias.mx\/index.php\/wp-json\/wp\/v2\/media\/10362"}],"wp:attachment":[{"href":"https:\/\/nvnoticias.mx\/index.php\/wp-json\/wp\/v2\/media?parent=12140"}],"wp:term":[{"taxonomy":"category","embeddable":true,"href":"https:\/\/nvnoticias.mx\/index.php\/wp-json\/wp\/v2\/categories?post=12140"},{"taxonomy":"post_tag","embeddable":true,"href":"https:\/\/nvnoticias.mx\/index.php\/wp-json\/wp\/v2\/tags?post=12140"}],"curies":[{"name":"wp","href":"https:\/\/api.w.org\/{rel}","templated":true}]}}