{"id":121338,"date":"2023-09-16T16:14:58","date_gmt":"2023-09-16T21:14:58","guid":{"rendered":"https:\/\/nvnoticias.mx\/?p=121338"},"modified":"2023-09-16T16:14:59","modified_gmt":"2023-09-16T21:14:59","slug":"realizan-izado-de-bandera-monumental","status":"publish","type":"post","link":"https:\/\/nvnoticias.mx\/index.php\/2023\/09\/16\/realizan-izado-de-bandera-monumental\/","title":{"rendered":"Realizan izado de bandera monumental"},"content":{"rendered":"\n<p>Como parte de los festejos de la conmemoraci\u00f3n del Grito de Independencia se realiz\u00f3 el izado de la bandera monumental en el bulevar Manuel \u00c1vila Camacho.<\/p>\n\n\n\n<p>Durante las nueve de la ma\u00f1ana se reunieron Representantes de la Secretar\u00eda de Marina, Armada de M\u00e9xico (Semar), entre otras corporaciones, adem\u00e1s de autoridades municipales en la plaza de la Soberan\u00eda del Puerto de Veracruz antes de la avenida Sim\u00f3n Bol\u00edvar.<\/p>\n\n\n\n<p>Elementos de la Semar fueron quienes llevaron la bandera para posteriormente subirla mientras los presentes hac\u00edan los respectivos honores.<\/p>\n","protected":false},"excerpt":{"rendered":"<p>Como parte de los festejos de la conmemoraci\u00f3n del Grito de Independencia se realiz\u00f3 el izado de la bandera monumental en el bulevar Manuel \u00c1vila Camacho. Durante las nueve de la ma\u00f1ana se reunieron Representantes de la Secretar\u00eda de Marina, Armada de M\u00e9xico (Semar), entre otras corporaciones, adem\u00e1s de autoridades municipales en la plaza de [&hellip;]<\/p>\n","protected":false},"author":35,"featured_media":121341,"comment_status":"open","ping_status":"open","sticky":false,"template":"","format":"standard","meta":{"_monsterinsights_skip_tracking":false,"_monsterinsights_sitenote_active":false,"_monsterinsights_sitenote_note":"","_monsterinsights_sitenote_category":0,"footnotes":""},"categories":[154],"tags":[27298,27297,8929],"class_list":["post-121338","post","type-post","status-publish","format-standard","has-post-thumbnail","hentry","category-veracruz","tag-bandera-monumental","tag-izado","tag-realizan","wp-image-borders"],"amp_enabled":true,"_links":{"self":[{"href":"https:\/\/nvnoticias.mx\/index.php\/wp-json\/wp\/v2\/posts\/121338","targetHints":{"allow":["GET"]}}],"collection":[{"href":"https:\/\/nvnoticias.mx\/index.php\/wp-json\/wp\/v2\/posts"}],"about":[{"href":"https:\/\/nvnoticias.mx\/index.php\/wp-json\/wp\/v2\/types\/post"}],"author":[{"embeddable":true,"href":"https:\/\/nvnoticias.mx\/index.php\/wp-json\/wp\/v2\/users\/35"}],"replies":[{"embeddable":true,"href":"https:\/\/nvnoticias.mx\/index.php\/wp-json\/wp\/v2\/comments?post=121338"}],"version-history":[{"count":2,"href":"https:\/\/nvnoticias.mx\/index.php\/wp-json\/wp\/v2\/posts\/121338\/revisions"}],"predecessor-version":[{"id":121340,"href":"https:\/\/nvnoticias.mx\/index.php\/wp-json\/wp\/v2\/posts\/121338\/revisions\/121340"}],"wp:featuredmedia":[{"embeddable":true,"href":"https:\/\/nvnoticias.mx\/index.php\/wp-json\/wp\/v2\/media\/121341"}],"wp:attachment":[{"href":"https:\/\/nvnoticias.mx\/index.php\/wp-json\/wp\/v2\/media?parent=121338"}],"wp:term":[{"taxonomy":"category","embeddable":true,"href":"https:\/\/nvnoticias.mx\/index.php\/wp-json\/wp\/v2\/categories?post=121338"},{"taxonomy":"post_tag","embeddable":true,"href":"https:\/\/nvnoticias.mx\/index.php\/wp-json\/wp\/v2\/tags?post=121338"}],"curies":[{"name":"wp","href":"https:\/\/api.w.org\/{rel}","templated":true}]}}