{"id":121276,"date":"2023-09-16T06:40:00","date_gmt":"2023-09-16T11:40:00","guid":{"rendered":"https:\/\/nvnoticias.mx\/?p=121276"},"modified":"2023-09-16T03:41:33","modified_gmt":"2023-09-16T08:41:33","slug":"asegura-aaron-rodgers-que-volvera-pronto-a-la-nfl-tras-su-lesion","status":"publish","type":"post","link":"https:\/\/nvnoticias.mx\/index.php\/2023\/09\/16\/asegura-aaron-rodgers-que-volvera-pronto-a-la-nfl-tras-su-lesion\/","title":{"rendered":"Asegura Aaron Rodgers que volver\u00e1 pronto a la NFL tras su lesi\u00f3n"},"content":{"rendered":"\n<p><strong>Aaron Rodgers<\/strong>, &#8216;quarterback&#8217; de los New York Jets, afirm\u00f3 este viernes que la operaci\u00f3n a la que se someti\u00f3 por la rotura del tend\u00f3n de Aquiles que sufri\u00f3 el lunes pasado fue un \u00e9xito y ahora enfocar\u00e1 toda su motivaci\u00f3n para regresar a la<strong>&nbsp;NFL&nbsp;<\/strong>el pr\u00f3ximo a\u00f1o.<\/p>\n\n\n\n<p>&#8220;S\u00f3lo necesito los cronogramas, los programas de rehabilitaci\u00f3n, los recursos. Dame todo eso y piensa lo que quieras, porque tengo ese peque\u00f1o porcentaje extra de inspiraci\u00f3n y se sorprender\u00e1n. Dame todo eso y luego observa lo que hago para volver&#8221;, dijo un sonriente Rodgers a trav\u00e9s de una videollamada para &#8216;The Pat McAfee Show&#8217;.<\/p>\n\n\n\n<p>El jugador de 39 a\u00f1os se rompi\u00f3 el tend\u00f3n de Aquiles en su presentaci\u00f3n con los Jets en el duelo ante los Bills de la semana 1 de la temporada 2023.<\/p>\n\n\n\n<p>Rodgers reconoci\u00f3 lo emocionado que estaba por el ambiente que rode\u00f3 a su presentaci\u00f3n en la que salt\u00f3 al campo empu\u00f1ando la bandera de Estados Unidos ante el cobijo de los aficionados de los Jets, un momento que se rompi\u00f3 en su primera serie ofensiva.<\/p>\n\n\n\n<p>&#8220;Fue incre\u00edble. Una noche fant\u00e1stica con la bandera en la mano; fue un momento el\u00e9ctrico, pero luego se convirti\u00f3 en uno de los momentos m\u00e1s duros que he tenido en mi vida. Hubo mucha tristeza y l\u00e1grimas. Mucha oscuridad, frustraci\u00f3n e ira&#8221;, comparti\u00f3.<\/p>\n\n\n\n<p>El cuatro veces Jugador M\u00e1s Valioso de la NFL que jug\u00f3 8 temporadas en los Green Bay Packers, con los que gan\u00f3 un Super Bowl antes de firmar con los Jets para este a\u00f1o, explic\u00f3 que ese pesimismo desapareci\u00f3 luego de la exitosa cirug\u00eda a la que se someti\u00f3.<\/p>\n\n\n\n<blockquote class=\"wp-block-quote is-layout-flow wp-block-quote-is-layout-flow\"><p>&#8220;El sol sali\u00f3 al d\u00eda siguiente y me encontr\u00e9 en Los \u00c1ngeles, me operaron el mi\u00e9rcoles. Desde entonces me he sentido mucho mejor&#8221;, admiti\u00f3.<\/p><p><\/p><\/blockquote>\n\n\n\n<p>Ante la ausencia de Rodgers, Zach Wilson estar\u00e1 a cargo de la ofensiva de los New York Jets, equipo que buscar\u00e1 en los pr\u00f3ximos d\u00edas contratar un &#8216;quarterback&#8217; de respaldo, toda vez que no hay otro mariscal de campo en la plantilla.<\/p>\n\n\n\n<p>A pesar de la baja de Rodgers, Wilson gui\u00f3 a los neoyorquinos al triunfo ante los Bills el lunes pasado. En la semana 2 los Jets visitar\u00e1n a los Dallas Cowboys el pr\u00f3ximo domingo.<\/p>\n\n\n\n<p>Fuente: <a href=\"https:\/\/www.eluniversal.com.mx\/deportes\/aaron-rodgers-asegura-que-volvera-pronto-a-la-nfl-tras-su-lesion\/\" data-type=\"URL\" data-id=\"https:\/\/www.eluniversal.com.mx\/deportes\/aaron-rodgers-asegura-que-volvera-pronto-a-la-nfl-tras-su-lesion\/\">El Universal<\/a> <\/p>\n","protected":false},"excerpt":{"rendered":"<p>Aaron Rodgers, &#8216;quarterback&#8217; de los New York Jets, afirm\u00f3 este viernes que la operaci\u00f3n a la que se someti\u00f3 por la rotura del tend\u00f3n de Aquiles que sufri\u00f3 el lunes pasado fue un \u00e9xito y ahora enfocar\u00e1 toda su motivaci\u00f3n para regresar a la&nbsp;NFL&nbsp;el pr\u00f3ximo a\u00f1o. &#8220;S\u00f3lo necesito los cronogramas, los programas de rehabilitaci\u00f3n, los [&hellip;]<\/p>\n","protected":false},"author":35,"featured_media":121280,"comment_status":"open","ping_status":"open","sticky":false,"template":"","format":"standard","meta":{"_monsterinsights_skip_tracking":false,"_monsterinsights_sitenote_active":false,"_monsterinsights_sitenote_note":"","_monsterinsights_sitenote_category":0,"footnotes":""},"categories":[159],"tags":[10721,7328,97],"class_list":["post-121276","post","type-post","status-publish","format-standard","has-post-thumbnail","hentry","category-deportes","tag-aaron-rodgers","tag-asegura","tag-nfl","wp-image-borders"],"amp_enabled":true,"_links":{"self":[{"href":"https:\/\/nvnoticias.mx\/index.php\/wp-json\/wp\/v2\/posts\/121276","targetHints":{"allow":["GET"]}}],"collection":[{"href":"https:\/\/nvnoticias.mx\/index.php\/wp-json\/wp\/v2\/posts"}],"about":[{"href":"https:\/\/nvnoticias.mx\/index.php\/wp-json\/wp\/v2\/types\/post"}],"author":[{"embeddable":true,"href":"https:\/\/nvnoticias.mx\/index.php\/wp-json\/wp\/v2\/users\/35"}],"replies":[{"embeddable":true,"href":"https:\/\/nvnoticias.mx\/index.php\/wp-json\/wp\/v2\/comments?post=121276"}],"version-history":[{"count":3,"href":"https:\/\/nvnoticias.mx\/index.php\/wp-json\/wp\/v2\/posts\/121276\/revisions"}],"predecessor-version":[{"id":121279,"href":"https:\/\/nvnoticias.mx\/index.php\/wp-json\/wp\/v2\/posts\/121276\/revisions\/121279"}],"wp:featuredmedia":[{"embeddable":true,"href":"https:\/\/nvnoticias.mx\/index.php\/wp-json\/wp\/v2\/media\/121280"}],"wp:attachment":[{"href":"https:\/\/nvnoticias.mx\/index.php\/wp-json\/wp\/v2\/media?parent=121276"}],"wp:term":[{"taxonomy":"category","embeddable":true,"href":"https:\/\/nvnoticias.mx\/index.php\/wp-json\/wp\/v2\/categories?post=121276"},{"taxonomy":"post_tag","embeddable":true,"href":"https:\/\/nvnoticias.mx\/index.php\/wp-json\/wp\/v2\/tags?post=121276"}],"curies":[{"name":"wp","href":"https:\/\/api.w.org\/{rel}","templated":true}]}}