{"id":121152,"date":"2023-09-15T11:29:13","date_gmt":"2023-09-15T16:29:13","guid":{"rendered":"https:\/\/nvnoticias.mx\/?p=121152"},"modified":"2023-09-15T11:29:14","modified_gmt":"2023-09-15T16:29:14","slug":"las-claves-detras-de-los-cuerpos-no-humanos-que-jaime-maussan-llevo-al-congreso","status":"publish","type":"post","link":"https:\/\/nvnoticias.mx\/index.php\/2023\/09\/15\/las-claves-detras-de-los-cuerpos-no-humanos-que-jaime-maussan-llevo-al-congreso\/","title":{"rendered":"Las claves detr\u00e1s de los cuerpos \u201cno humanos\u201d que Jaime Maussan llev\u00f3 al Congreso"},"content":{"rendered":"\n<p>El fen\u00f3meno ovni aterriz\u00f3 en el&nbsp;<strong>Congreso Mexicano<\/strong>&nbsp;junto con dos cuerpos \u201cno humanos\u201d. La noticia caus\u00f3 revuelo y cruz\u00f3 el mundo a gran velocidad.<\/p>\n\n\n\n<p>Y es que durante una audiencia p\u00fablica, organizada por un legislador mexicano y encabezada por el uf\u00f3logo&nbsp;<strong>Jaime Maussan<\/strong>, se presentaron los resultados de supuestos an\u00e1lisis forenses y gen\u00e9ticos realizados a los cuerpos&nbsp;\u201cno humanos\u201d&nbsp;los cuales confirmar\u00edan que se trata de seres a\u00fan no identificados.<\/p>\n\n\n\n<p>Sin embargo, las extraordinarias explicaciones expuestas desde la&nbsp;<strong>C\u00e1mara de Diputados&nbsp;<\/strong>ya&nbsp;fueron desmentidas. De hecho, no hace falta pensar en vida fuera de la tierra para conocer la verdad detr\u00e1s de los cuerpos \u201cno humanos&#8221;.&nbsp;<br><\/p>\n\n\n\n<h2 class=\"wp-block-heading\">\u00bfDe d\u00f3nde son?<\/h2>\n\n\n\n<p>Los seres presentados el pasado 12 de septiembre dentro de cajas fueron recuperados en 2017 dentro de una mina de diatomea ubicada entre&nbsp;<strong>Palpa&nbsp;<\/strong>y&nbsp;<strong>Nasca<\/strong>,&nbsp;<strong>Per\u00fa<\/strong>, seg\u00fan explic\u00f3&nbsp;<strong>Jaime Maussan<\/strong>.<\/p>\n\n\n\n<blockquote class=\"wp-block-quote is-layout-flow wp-block-quote-is-layout-flow\"><p>\u201cSon cuerpos desecados que han sido investigados profundamente tanto por periodistas como por cient\u00edficos\u201d, declar\u00f3 el uf\u00f3logo.<\/p><\/blockquote>\n\n\n\n<p>Al respecto, la ministra de&nbsp;<strong>Cultura de Per\u00fa<\/strong>,&nbsp;<strong>Leslie Urteaga<\/strong>, emiti\u00f3 un pronunciamiento en el que afirm\u00f3 que no se ha confirmado hallazgo alguno de cuerpos \u201cno humanos\u201d en territorio peruano.<\/p>\n\n\n\n<p>Sin embargo, adelant\u00f3 que lo que s\u00ed existe es una&nbsp;<strong>denuncia penal<\/strong>&nbsp;contra los responsables de haber extra\u00eddo del pa\u00eds restos \u00f3seos prehisp\u00e1nicos que han sido asociados con el tema&nbsp;<strong>extraterrestre<\/strong>.<\/p>\n\n\n\n<p>Cabe se\u00f1alar que las declaraciones emitidas este 2023 encuentran su origen casi ocho antes, en 2016, a\u00f1o en el que se dio a conocer el hallazgo de las &#8220;momias reptiles de&nbsp;<strong>Nasca<\/strong>&#8220;.<\/p>\n\n\n\n<p>La noticia acapar\u00f3 la atenci\u00f3n p\u00fablica r\u00e1pidamente, alcanzando al&nbsp;<em><strong>World Committee on Mummy Studies<\/strong>&nbsp;<\/em>mismo que emiti\u00f3 un comunicado para desmentir las teor\u00edas y especulaciones que hab\u00edan surgido alrededor del tema, asegurando que se trataba de una campa\u00f1a de desinformaci\u00f3n y no de seres de otro planeta:<\/p>\n\n\n\n<blockquote class=\"wp-block-quote is-layout-flow wp-block-quote-is-layout-flow\"><p>\u201cLos testimonios e im\u00e1genes publicados permiten aseverar que estos hallazgos corresponden, sin duda alguna, a restos humanos precolombinos (<strong>Patrimonio Cultural de la Naci\u00f3n<\/strong>) maliciosamente manipulados y hasta mutilados para obtener apariencia \u2018a doc\u2019 para su explotaci\u00f3n comercial\u201d, se lee en una publicaci\u00f3n realizada en julio de 2017.<\/p><p><\/p><\/blockquote>\n\n\n\n<p>Fuente: <a href=\"https:\/\/www.milenio.com\/ciencia-y-salud\/puntos-clave-cuerpos-humanos-presentados-mexico\" data-type=\"URL\" data-id=\"https:\/\/www.milenio.com\/ciencia-y-salud\/puntos-clave-cuerpos-humanos-presentados-mexico\">Milenio<\/a> <\/p>\n","protected":false},"excerpt":{"rendered":"<p>El fen\u00f3meno ovni aterriz\u00f3 en el&nbsp;Congreso Mexicano&nbsp;junto con dos cuerpos \u201cno humanos\u201d. La noticia caus\u00f3 revuelo y cruz\u00f3 el mundo a gran velocidad. Y es que durante una audiencia p\u00fablica, organizada por un legislador mexicano y encabezada por el uf\u00f3logo&nbsp;Jaime Maussan, se presentaron los resultados de supuestos an\u00e1lisis forenses y gen\u00e9ticos realizados a los cuerpos&nbsp;\u201cno [&hellip;]<\/p>\n","protected":false},"author":35,"featured_media":121160,"comment_status":"open","ping_status":"open","sticky":false,"template":"","format":"standard","meta":{"_monsterinsights_skip_tracking":false,"_monsterinsights_sitenote_active":false,"_monsterinsights_sitenote_note":"","_monsterinsights_sitenote_category":0,"footnotes":""},"categories":[158],"tags":[27275,27274,348,776,9829,27276,27277],"class_list":["post-121152","post","type-post","status-publish","format-standard","has-post-thumbnail","hentry","category-politica","tag-no-humanos","tag-claves","tag-congreso","tag-cuerpos","tag-detras","tag-jaime-maussan","tag-llevo","wp-image-borders"],"amp_enabled":true,"_links":{"self":[{"href":"https:\/\/nvnoticias.mx\/index.php\/wp-json\/wp\/v2\/posts\/121152","targetHints":{"allow":["GET"]}}],"collection":[{"href":"https:\/\/nvnoticias.mx\/index.php\/wp-json\/wp\/v2\/posts"}],"about":[{"href":"https:\/\/nvnoticias.mx\/index.php\/wp-json\/wp\/v2\/types\/post"}],"author":[{"embeddable":true,"href":"https:\/\/nvnoticias.mx\/index.php\/wp-json\/wp\/v2\/users\/35"}],"replies":[{"embeddable":true,"href":"https:\/\/nvnoticias.mx\/index.php\/wp-json\/wp\/v2\/comments?post=121152"}],"version-history":[{"count":8,"href":"https:\/\/nvnoticias.mx\/index.php\/wp-json\/wp\/v2\/posts\/121152\/revisions"}],"predecessor-version":[{"id":121161,"href":"https:\/\/nvnoticias.mx\/index.php\/wp-json\/wp\/v2\/posts\/121152\/revisions\/121161"}],"wp:featuredmedia":[{"embeddable":true,"href":"https:\/\/nvnoticias.mx\/index.php\/wp-json\/wp\/v2\/media\/121160"}],"wp:attachment":[{"href":"https:\/\/nvnoticias.mx\/index.php\/wp-json\/wp\/v2\/media?parent=121152"}],"wp:term":[{"taxonomy":"category","embeddable":true,"href":"https:\/\/nvnoticias.mx\/index.php\/wp-json\/wp\/v2\/categories?post=121152"},{"taxonomy":"post_tag","embeddable":true,"href":"https:\/\/nvnoticias.mx\/index.php\/wp-json\/wp\/v2\/tags?post=121152"}],"curies":[{"name":"wp","href":"https:\/\/api.w.org\/{rel}","templated":true}]}}