{"id":121064,"date":"2023-09-15T09:57:35","date_gmt":"2023-09-15T14:57:35","guid":{"rendered":"https:\/\/nvnoticias.mx\/?p=121064"},"modified":"2023-09-15T09:57:36","modified_gmt":"2023-09-15T14:57:36","slug":"ordena-ine-a-amlo-bajar-publicaciones-de-entrega-de-baston-de-mando-a-sheinbaum","status":"publish","type":"post","link":"https:\/\/nvnoticias.mx\/index.php\/2023\/09\/15\/ordena-ine-a-amlo-bajar-publicaciones-de-entrega-de-baston-de-mando-a-sheinbaum\/","title":{"rendered":"Ordena INE a AMLO bajar publicaciones de entrega de bast\u00f3n de mando a Sheinbaum"},"content":{"rendered":"\n<p>El presidente\u00a0<strong>Andr\u00e9s Manuel L\u00f3pez Obrador<\/strong>\u00a0hizo mal uso, presuntamente,\u00a0<strong>de recursos p\u00fablicos para posicionar a\u00a0<\/strong>Claudia Sheinbaum Pardo como aspirante a la presidencia 2024 por Morena, determin\u00f3 el\u00a0Instituto Nacional Electoral (INE).<\/p>\n\n\n\n<p>En atenci\u00f3n a una denuncia ingresada por el legislador<strong>\u00a0Jorge \u00c1lvarez Maynez<\/strong>\u00a0y la panista\u00a0<strong>Mariana G\u00f3mez del Campo<\/strong>, la Comisi\u00f3n de Quejas del Instituto aprob\u00f3 la medida cautelar contra el Ejecutivo, por lo que le orden\u00f3 bajar las publicaciones referentes a la entrega del denominado bast\u00f3n de mando, realizada el 7 de septiembre en\u00a0el restaurante El Mayor, en el Centro Hist\u00f3rico.<\/p>\n\n\n\n<p>De acuerdo con la exposici\u00f3n de motivos, el acto no guarda relaci\u00f3n con las actividades institucionales de la Presidencia.<\/p>\n\n\n\n<p>La consejera<strong>\u00a0Claudia Zavala<\/strong>, presidenta de la comisi\u00f3n, indic\u00f3 que\u00a0<strong>se trat\u00f3 de un acto \u201ctotalmente partidista\u201d<\/strong>, y en el que asistieron funcionarios p\u00fablicos en d\u00edas h\u00e1biles, como los gobernadores emanados de Morena.<\/p>\n\n\n\n<p>El consejero Arturo Castillo explic\u00f3 que la medida cautelar no tiene que ver con el \u201cuso del\u00a0bast\u00f3n de mando\u00a0tiene que ver con el aparente uso de recursos p\u00fablicos para impulsar -aparentemente- una figura pol\u00edtica espec\u00edfica, y esto podr\u00eda constituir una vulneraci\u00f3n a la obligaci\u00f3n de imparcialidad contenida en el 134 constitucional\u201d.<\/p>\n\n\n\n<p>Los consejeros determinaron que no hay indicios de presuntos actos de campa\u00f1a.<\/p>\n\n\n\n<p><strong>La medida no fue vinculante a Claudia Sheinbaum&nbsp;<\/strong>porque las publicaciones que realiz\u00f3 no contienen elementos de vulnerabilidad al principio electoral.<\/p>\n\n\n\n<p>Aunque los denunciantes lo solicitaron , los consejeros rechazaron emitir una tutela preventiva porque no hay indicios de que puedan ser hechos de repetici\u00f3n.<\/p>\n\n\n\n<p>Fuente: <a href=\"https:\/\/www.elfinanciero.com.mx\/nacional\/2023\/09\/15\/ine-ordena-a-amlo-bajar-publicaciones-de-entrega-de-baston-de-mando-a-sheinbaum\/?outputType=amp\" data-type=\"URL\" data-id=\"https:\/\/www.elfinanciero.com.mx\/nacional\/2023\/09\/15\/ine-ordena-a-amlo-bajar-publicaciones-de-entrega-de-baston-de-mando-a-sheinbaum\/?outputType=amp\">El Financiero<\/a> <\/p>\n","protected":false},"excerpt":{"rendered":"<p>El presidente\u00a0Andr\u00e9s Manuel L\u00f3pez Obrador\u00a0hizo mal uso, presuntamente,\u00a0de recursos p\u00fablicos para posicionar a\u00a0Claudia Sheinbaum Pardo como aspirante a la presidencia 2024 por Morena, determin\u00f3 el\u00a0Instituto Nacional Electoral (INE). En atenci\u00f3n a una denuncia ingresada por el legislador\u00a0Jorge \u00c1lvarez Maynez\u00a0y la panista\u00a0Mariana G\u00f3mez del Campo, la Comisi\u00f3n de Quejas del Instituto aprob\u00f3 la medida cautelar contra [&hellip;]<\/p>\n","protected":false},"author":35,"featured_media":121068,"comment_status":"open","ping_status":"open","sticky":false,"template":"","format":"standard","meta":{"_monsterinsights_skip_tracking":false,"_monsterinsights_sitenote_active":false,"_monsterinsights_sitenote_note":"","_monsterinsights_sitenote_category":0,"footnotes":""},"categories":[158],"tags":[188,11946,26941,2801,6439,443,9099,162,4803],"class_list":["post-121064","post","type-post","status-publish","format-standard","has-post-thumbnail","hentry","category-politica","tag-amlo","tag-bajar","tag-baston-de-mando","tag-claudia-sheinbaum","tag-entrega","tag-ine","tag-ordena","tag-portada","tag-publicaciones","wp-image-borders"],"amp_enabled":true,"_links":{"self":[{"href":"https:\/\/nvnoticias.mx\/index.php\/wp-json\/wp\/v2\/posts\/121064","targetHints":{"allow":["GET"]}}],"collection":[{"href":"https:\/\/nvnoticias.mx\/index.php\/wp-json\/wp\/v2\/posts"}],"about":[{"href":"https:\/\/nvnoticias.mx\/index.php\/wp-json\/wp\/v2\/types\/post"}],"author":[{"embeddable":true,"href":"https:\/\/nvnoticias.mx\/index.php\/wp-json\/wp\/v2\/users\/35"}],"replies":[{"embeddable":true,"href":"https:\/\/nvnoticias.mx\/index.php\/wp-json\/wp\/v2\/comments?post=121064"}],"version-history":[{"count":4,"href":"https:\/\/nvnoticias.mx\/index.php\/wp-json\/wp\/v2\/posts\/121064\/revisions"}],"predecessor-version":[{"id":121069,"href":"https:\/\/nvnoticias.mx\/index.php\/wp-json\/wp\/v2\/posts\/121064\/revisions\/121069"}],"wp:featuredmedia":[{"embeddable":true,"href":"https:\/\/nvnoticias.mx\/index.php\/wp-json\/wp\/v2\/media\/121068"}],"wp:attachment":[{"href":"https:\/\/nvnoticias.mx\/index.php\/wp-json\/wp\/v2\/media?parent=121064"}],"wp:term":[{"taxonomy":"category","embeddable":true,"href":"https:\/\/nvnoticias.mx\/index.php\/wp-json\/wp\/v2\/categories?post=121064"},{"taxonomy":"post_tag","embeddable":true,"href":"https:\/\/nvnoticias.mx\/index.php\/wp-json\/wp\/v2\/tags?post=121064"}],"curies":[{"name":"wp","href":"https:\/\/api.w.org\/{rel}","templated":true}]}}