{"id":12088,"date":"2021-04-29T12:53:54","date_gmt":"2021-04-29T17:53:54","guid":{"rendered":"https:\/\/nvnoticias.mx\/?p=12088"},"modified":"2021-04-29T12:53:56","modified_gmt":"2021-04-29T17:53:56","slug":"invitan-a-sumarse-al-reto-naturalista-urbano-2021","status":"publish","type":"post","link":"https:\/\/nvnoticias.mx\/index.php\/2021\/04\/29\/invitan-a-sumarse-al-reto-naturalista-urbano-2021\/","title":{"rendered":"Invitan a sumarse al Reto Naturalista Urbano 2021"},"content":{"rendered":"\n<p><strong>Jes\u00fas Utrilla \/ NV Noticias <\/strong><\/p>\n\n\n\n<p>La agrupaci\u00f3n Birds &amp; Nature invit\u00f3 a la ciudadan\u00eda a participar en el Reto Naturalista Urbano 2021, para registrar fotograf\u00edas de especies animales y vegetales de la regi\u00f3n.<\/p>\n\n\n\n<p>La presidenta y coordinadora del Programa de Aves Urbanas de Boca del R\u00edo, Paula Pineda, dijo que se busca recabar informaci\u00f3n que pueda servir para conocer y analizar la biodiversidad local.<\/p>\n\n\n\n<p>Con ello se podr\u00e1 atender y dar soluci\u00f3n a problem\u00e1ticas que se enfrentan.<\/p>\n\n\n\n<blockquote class=\"wp-block-quote is-layout-flow wp-block-quote-is-layout-flow\"><p><em>\u201cTodos los ciudadanos observando y registrando dar\u00e1 a los cient\u00edficos la informaci\u00f3n necesaria para conocer la biodiversidad y tambi\u00e9n cuestiones de poblaciones de organismos e incluso detectar especies invasoras\u201d.<\/em><\/p><\/blockquote>\n\n\n\n<p>El material se subir\u00e1 en una plataforma digital para que sea retomada por la comunidad cient\u00edfica.<\/p>\n\n\n\n<p>El a\u00f1o pasado se pudo detectar una ave invasora, el estornino pinto, y con ello se adoptar\u00e1n acciones.<\/p>\n\n\n\n<blockquote class=\"wp-block-quote is-layout-flow wp-block-quote-is-layout-flow\"><p><em>\u201cLos cient\u00edficos utilizan esta informaci\u00f3n para hacer investigaci\u00f3n. El a\u00f1o pasado un joven tom\u00f3 una fotograf\u00eda de un ave que no es com\u00fan y en otros sitios si era vista. Para nosotros fue una alarma porque ya est\u00e1 llegando esta ave invasora\u201d.<\/em><\/p><\/blockquote>\n\n\n\n<p>Las fotograf\u00edas deber\u00e1n ser de organismos silvestres y deben subirse a\u00a0\u00a0<a rel=\"noreferrer noopener\" href=\"http:\/\/www.naturalista.mx\/\" target=\"_blank\">www.naturalista.mx<\/a>.<\/p>\n","protected":false},"excerpt":{"rendered":"<p>Jes\u00fas Utrilla \/ NV Noticias La agrupaci\u00f3n Birds &amp; Nature invit\u00f3 a la ciudadan\u00eda a participar en el Reto Naturalista Urbano 2021, para registrar fotograf\u00edas de especies animales y vegetales de la regi\u00f3n. La presidenta y coordinadora del Programa de Aves Urbanas de Boca del R\u00edo, Paula Pineda, dijo que se busca recabar informaci\u00f3n que [&hellip;]<\/p>\n","protected":false},"author":6,"featured_media":12089,"comment_status":"open","ping_status":"open","sticky":false,"template":"","format":"standard","meta":{"_monsterinsights_skip_tracking":false,"_monsterinsights_sitenote_active":false,"_monsterinsights_sitenote_note":"","_monsterinsights_sitenote_category":0,"footnotes":""},"categories":[154],"tags":[3308,3307],"class_list":["post-12088","post","type-post","status-publish","format-standard","has-post-thumbnail","hentry","category-veracruz","tag-naturalista-urbano","tag-reto","wp-image-borders"],"amp_enabled":true,"_links":{"self":[{"href":"https:\/\/nvnoticias.mx\/index.php\/wp-json\/wp\/v2\/posts\/12088","targetHints":{"allow":["GET"]}}],"collection":[{"href":"https:\/\/nvnoticias.mx\/index.php\/wp-json\/wp\/v2\/posts"}],"about":[{"href":"https:\/\/nvnoticias.mx\/index.php\/wp-json\/wp\/v2\/types\/post"}],"author":[{"embeddable":true,"href":"https:\/\/nvnoticias.mx\/index.php\/wp-json\/wp\/v2\/users\/6"}],"replies":[{"embeddable":true,"href":"https:\/\/nvnoticias.mx\/index.php\/wp-json\/wp\/v2\/comments?post=12088"}],"version-history":[{"count":1,"href":"https:\/\/nvnoticias.mx\/index.php\/wp-json\/wp\/v2\/posts\/12088\/revisions"}],"predecessor-version":[{"id":12090,"href":"https:\/\/nvnoticias.mx\/index.php\/wp-json\/wp\/v2\/posts\/12088\/revisions\/12090"}],"wp:featuredmedia":[{"embeddable":true,"href":"https:\/\/nvnoticias.mx\/index.php\/wp-json\/wp\/v2\/media\/12089"}],"wp:attachment":[{"href":"https:\/\/nvnoticias.mx\/index.php\/wp-json\/wp\/v2\/media?parent=12088"}],"wp:term":[{"taxonomy":"category","embeddable":true,"href":"https:\/\/nvnoticias.mx\/index.php\/wp-json\/wp\/v2\/categories?post=12088"},{"taxonomy":"post_tag","embeddable":true,"href":"https:\/\/nvnoticias.mx\/index.php\/wp-json\/wp\/v2\/tags?post=12088"}],"curies":[{"name":"wp","href":"https:\/\/api.w.org\/{rel}","templated":true}]}}