{"id":120869,"date":"2023-09-13T17:13:57","date_gmt":"2023-09-13T22:13:57","guid":{"rendered":"https:\/\/nvnoticias.mx\/?p=120869"},"modified":"2023-09-13T17:13:59","modified_gmt":"2023-09-13T22:13:59","slug":"cruz-azul-podria-mandar-nuevamente-a-la-banca-a-sebastian-jurado","status":"publish","type":"post","link":"https:\/\/nvnoticias.mx\/index.php\/2023\/09\/13\/cruz-azul-podria-mandar-nuevamente-a-la-banca-a-sebastian-jurado\/","title":{"rendered":"Cruz Azul podr\u00eda mandar nuevamente a la banca a Sebasti\u00e1n Jurado"},"content":{"rendered":"\n<p>Cruz Azul continuar\u00e1 con la misma din\u00e1mica en la porter\u00eda desde el inicio del torneo, rotando a sus arqueros cada dos partidos, por lo que ante Mazatl\u00e1n FC ser\u00e1 Andr\u00e9 Gudi\u00f1o quien salte desde el inicio.<\/p>\n\n\n\n<p>La titularidad de Gudi\u00f1o no tiene nada que ver con los errores de Sebasti\u00e1n Jurado ante Am\u00e9rica, pues la din\u00e1mica de rotaci\u00f3n est\u00e1 presente desde la fecha 1.<\/p>\n\n\n\n<p>Sin embargo, en los pr\u00f3ximos dos partidos el cuerpo t\u00e9cnico encabezado por Joaqu\u00edn Moreno seguir\u00e1 de cerca la actuaci\u00f3n de Gudi\u00f1o y en caso de convencer, ser\u00e1 el arquero titular por lo que resta del partido.<\/p>\n\n\n\n<p>Depender\u00e1 de Andr\u00e9s tener buenas actuaciones en los dos juegos para hacerse de un lugar oficial en el once del t\u00e9cnico, mientras que Jurado ser\u00e1 relegado como suplente.<\/p>\n\n\n\n<p>Cabe destacar que el portero veracruzano ha sido criticado por la afici\u00f3n debido a sus actuaciones, lo que tambi\u00e9n hizo reflexionar al cuerpo t\u00e9cnico sobre la continuidad de Jurado en el arco.<\/p>\n","protected":false},"excerpt":{"rendered":"<p>Cruz Azul continuar\u00e1 con la misma din\u00e1mica en la porter\u00eda desde el inicio del torneo, rotando a sus arqueros cada dos partidos, por lo que ante Mazatl\u00e1n FC ser\u00e1 Andr\u00e9 Gudi\u00f1o quien salte desde el inicio. La titularidad de Gudi\u00f1o no tiene nada que ver con los errores de Sebasti\u00e1n Jurado ante Am\u00e9rica, pues la [&hellip;]<\/p>\n","protected":false},"author":8,"featured_media":95698,"comment_status":"open","ping_status":"open","sticky":false,"template":"","format":"standard","meta":{"_monsterinsights_skip_tracking":false,"_monsterinsights_sitenote_active":false,"_monsterinsights_sitenote_note":"","_monsterinsights_sitenote_category":0,"footnotes":""},"categories":[159],"tags":[361,3960],"class_list":["post-120869","post","type-post","status-publish","format-standard","has-post-thumbnail","hentry","category-deportes","tag-cruz-azul","tag-sebastian-jurado","wp-image-borders"],"amp_enabled":true,"_links":{"self":[{"href":"https:\/\/nvnoticias.mx\/index.php\/wp-json\/wp\/v2\/posts\/120869","targetHints":{"allow":["GET"]}}],"collection":[{"href":"https:\/\/nvnoticias.mx\/index.php\/wp-json\/wp\/v2\/posts"}],"about":[{"href":"https:\/\/nvnoticias.mx\/index.php\/wp-json\/wp\/v2\/types\/post"}],"author":[{"embeddable":true,"href":"https:\/\/nvnoticias.mx\/index.php\/wp-json\/wp\/v2\/users\/8"}],"replies":[{"embeddable":true,"href":"https:\/\/nvnoticias.mx\/index.php\/wp-json\/wp\/v2\/comments?post=120869"}],"version-history":[{"count":1,"href":"https:\/\/nvnoticias.mx\/index.php\/wp-json\/wp\/v2\/posts\/120869\/revisions"}],"predecessor-version":[{"id":120871,"href":"https:\/\/nvnoticias.mx\/index.php\/wp-json\/wp\/v2\/posts\/120869\/revisions\/120871"}],"wp:featuredmedia":[{"embeddable":true,"href":"https:\/\/nvnoticias.mx\/index.php\/wp-json\/wp\/v2\/media\/95698"}],"wp:attachment":[{"href":"https:\/\/nvnoticias.mx\/index.php\/wp-json\/wp\/v2\/media?parent=120869"}],"wp:term":[{"taxonomy":"category","embeddable":true,"href":"https:\/\/nvnoticias.mx\/index.php\/wp-json\/wp\/v2\/categories?post=120869"},{"taxonomy":"post_tag","embeddable":true,"href":"https:\/\/nvnoticias.mx\/index.php\/wp-json\/wp\/v2\/tags?post=120869"}],"curies":[{"name":"wp","href":"https:\/\/api.w.org\/{rel}","templated":true}]}}