{"id":120806,"date":"2023-09-13T13:55:17","date_gmt":"2023-09-13T18:55:17","guid":{"rendered":"https:\/\/nvnoticias.mx\/?p=120806"},"modified":"2023-09-13T13:55:56","modified_gmt":"2023-09-13T18:55:56","slug":"boca-del-rio-iniciara-el-programa-boca-contra-el-dengue","status":"publish","type":"post","link":"https:\/\/nvnoticias.mx\/index.php\/2023\/09\/13\/boca-del-rio-iniciara-el-programa-boca-contra-el-dengue\/","title":{"rendered":"Boca del R\u00edo iniciar\u00e1 el programa &#8220;Boca contra el dengue&#8221;"},"content":{"rendered":"\n<p><strong>\u00c1ngel Hern\u00e1ndez \/ NV Noticias<\/strong><\/p>\n\n\n\n<p>El d\u00eda de ma\u00f1ana 14 de septiembre el municipio de Boca del R\u00edo iniciar\u00e1 con el programa &#8220;Boca contra el dengue&#8221;, esto como plan para evitar la proliferaci\u00f3n del mosquito transmisor fumigando las diferentes colonias del municipio, inform\u00f3 el alcalde Juan Manuel de Unanue Abascal.<\/p>\n\n\n\n<p>Mencion\u00f3 que este programa lo realizar\u00e1n en conjunto con la Jurisdicci\u00f3n Sanitaria 8 de la Secretaria de Salud del estado de Veracruz.<\/p>\n\n\n\n<blockquote class=\"wp-block-quote is-layout-flow wp-block-quote-is-layout-flow\"><p>&#8220;<em>Esta campa\u00f1a se nutre porque la jurisdicci\u00f3n nos va a prestar seis m\u00e1quinas, nosotros pondremos seis veh\u00edculos pickups<\/em>&#8220;, agreg\u00f3.<\/p><\/blockquote>\n\n\n\n<p>Adelant\u00f3 que el programa de fumigaci\u00f3n comenzar\u00e1 en la colonia Carranza, asegurando que todas las colonias ser\u00e1n fumigadas.<\/p>\n\n\n\n<p>Asimismo, indic\u00f3 que implementar\u00e1n un programa de descacharrizaci\u00f3n, por lo que anunciar\u00e1n las fechas mediante redes sociales en las que estar\u00e1n en cada una de las colonias del municipio boque\u00f1o, de igual manera con el apoyo de la Jurisdicci\u00f3n Sanitaria.<\/p>\n\n\n\n<blockquote class=\"wp-block-quote is-layout-flow wp-block-quote-is-layout-flow\"><p>&#8220;<em>Pondremos tres camiones de volteo para ir colonia por colonia invitando a la gente a qu\u00e9 saque sus cacharros, vamos a dar unos tr\u00edpticos informativos<\/em>&#8220;, detall\u00f3.<\/p><\/blockquote>\n\n\n\n<p>Juan Manuel de Un\u00e1nue record\u00f3 que desde el mes de enero de este 2023, el ayuntamiento de Boca del R\u00edo ha estado fumigando las colonias del municipio, llevando hasta ahora un total de 50 colonias fumigadas.<\/p>\n\n\n\n<p>Invit\u00f3 a la ciudadan\u00eda a desechar los art\u00edculos que puedan almacenar l\u00edquidos y que ya no se ocupen, pues de esa manera tambi\u00e9n se evita la proliferaci\u00f3n del mosquito transmisor del dengue.<\/p>\n","protected":false},"excerpt":{"rendered":"<p>\u00c1ngel Hern\u00e1ndez \/ NV Noticias El d\u00eda de ma\u00f1ana 14 de septiembre el municipio de Boca del R\u00edo iniciar\u00e1 con el programa &#8220;Boca contra el dengue&#8221;, esto como plan para evitar la proliferaci\u00f3n del mosquito transmisor fumigando las diferentes colonias del municipio, inform\u00f3 el alcalde Juan Manuel de Unanue Abascal. Mencion\u00f3 que este programa lo [&hellip;]<\/p>\n","protected":false},"author":8,"featured_media":120807,"comment_status":"open","ping_status":"open","sticky":false,"template":"","format":"standard","meta":{"_monsterinsights_skip_tracking":false,"_monsterinsights_sitenote_active":false,"_monsterinsights_sitenote_note":"","_monsterinsights_sitenote_category":0,"footnotes":""},"categories":[154],"tags":[27226,2601],"class_list":["post-120806","post","type-post","status-publish","format-standard","has-post-thumbnail","hentry","category-veracruz","tag-boca-contra-el-dengue","tag-fumigacion","wp-image-borders"],"amp_enabled":true,"_links":{"self":[{"href":"https:\/\/nvnoticias.mx\/index.php\/wp-json\/wp\/v2\/posts\/120806","targetHints":{"allow":["GET"]}}],"collection":[{"href":"https:\/\/nvnoticias.mx\/index.php\/wp-json\/wp\/v2\/posts"}],"about":[{"href":"https:\/\/nvnoticias.mx\/index.php\/wp-json\/wp\/v2\/types\/post"}],"author":[{"embeddable":true,"href":"https:\/\/nvnoticias.mx\/index.php\/wp-json\/wp\/v2\/users\/8"}],"replies":[{"embeddable":true,"href":"https:\/\/nvnoticias.mx\/index.php\/wp-json\/wp\/v2\/comments?post=120806"}],"version-history":[{"count":2,"href":"https:\/\/nvnoticias.mx\/index.php\/wp-json\/wp\/v2\/posts\/120806\/revisions"}],"predecessor-version":[{"id":120809,"href":"https:\/\/nvnoticias.mx\/index.php\/wp-json\/wp\/v2\/posts\/120806\/revisions\/120809"}],"wp:featuredmedia":[{"embeddable":true,"href":"https:\/\/nvnoticias.mx\/index.php\/wp-json\/wp\/v2\/media\/120807"}],"wp:attachment":[{"href":"https:\/\/nvnoticias.mx\/index.php\/wp-json\/wp\/v2\/media?parent=120806"}],"wp:term":[{"taxonomy":"category","embeddable":true,"href":"https:\/\/nvnoticias.mx\/index.php\/wp-json\/wp\/v2\/categories?post=120806"},{"taxonomy":"post_tag","embeddable":true,"href":"https:\/\/nvnoticias.mx\/index.php\/wp-json\/wp\/v2\/tags?post=120806"}],"curies":[{"name":"wp","href":"https:\/\/api.w.org\/{rel}","templated":true}]}}