{"id":120704,"date":"2023-09-12T16:49:30","date_gmt":"2023-09-12T21:49:30","guid":{"rendered":"https:\/\/nvnoticias.mx\/?p=120704"},"modified":"2023-09-12T16:49:31","modified_gmt":"2023-09-12T21:49:31","slug":"preventa-del-iphone-15-comienza-el-15-de-septiembre","status":"publish","type":"post","link":"https:\/\/nvnoticias.mx\/index.php\/2023\/09\/12\/preventa-del-iphone-15-comienza-el-15-de-septiembre\/","title":{"rendered":"Preventa del iPhone 15 comienza el 15 de septiembre"},"content":{"rendered":"\n<p>La espera termin\u00f3 para los seguidores de la marca&nbsp;Apple&nbsp;debido a que ya anunci\u00f3 los&nbsp;<strong>precios y fecha de venta del iPhone 15 en M\u00e9xico<\/strong>, as\u00ed como sus nuevas caracter\u00edsticas.<\/p>\n\n\n\n<p>Durante el Apple event se dieron a conocer todos los detalles de los cuatro nuevos modelos: eliPhone 15, 15 Plus, 15 Pro y 15 Pro Max.<\/p>\n\n\n\n<p>Tambi\u00e9n se dio a conocer informaci\u00f3n sobre&nbsp;<strong>el Apple Watch<\/strong>, explicando los materiales, actualizaciones y mejor rendimiento. Los precios para los modelos de iPhone son:<\/p>\n\n\n\n<ul class=\"wp-block-list\"><li>iPhone 15: Desde 19 mil 499 pesos.<\/li><li><strong>iPhone 15 Plus:<\/strong>&nbsp;Desde 21 mil 999 pesos.<\/li><li>iPhone 15 Pro: Desde 23 mil 999 pesos.<\/li><li><strong>iPhone 15 Pro Max:&nbsp;<\/strong>Desde 28 mil 999 pesos.<\/li><\/ul>\n\n\n\n<p>El iPhone 15 estar\u00e1 disponible en cinco colores en tonos pastel brillantes, as\u00ed como materiales reciclados debido a que Apple insiste en el \u201ccuidado\u201d al medio ambiente durante la fabricaci\u00f3n de sus productos.<\/p>\n\n\n\n<p>El nuevo tel\u00e9fono tendr\u00e1 una c\u00e1mara de 48 MP cuyo sistema utiliza fotograf\u00eda computacional,&nbsp;<strong>combinando im\u00e1genes para crear im\u00e1genes de mayor definici\u00f3n<\/strong>, equilibrando la luz y el detalle en un tama\u00f1o de archivo pr\u00e1ctico.<\/p>\n\n\n\n<p>El iPhone 15 tendr\u00e1 el mismo chip A16 del iPhone 14 Pro del a\u00f1o pasado, seg\u00fan&nbsp;confirm\u00f3 Apple&nbsp;durante la presentaci\u00f3n.<\/p>\n\n\n\n<p>El iPhone 15 Pro comienza con una capacidad de almacenamiento de&nbsp;<strong>256 GB<\/strong>&nbsp;frente a 128 GB de la versi\u00f3n anterior.<\/p>\n\n\n\n<p>El iPhone 15 Pro y Pro Max mantendr\u00e1n sus tres c\u00e1maras: las lentes gran angular y ultra gran angular, as\u00ed como un sistema de&nbsp;teleobjetivopara mejorar el Zoom \u00f3ptico y digital.<\/p>\n\n\n\n<p>Los&nbsp;<strong>precios y la capacidad de cada modelo<\/strong>&nbsp;son los siguientes:<\/p>\n\n\n\n<ul class=\"wp-block-list\"><li>iPhone 15 Pro de 128 GB: Desde 23 mil 999 pesos.<\/li><li><strong>iPhone 15 Pro de 256 GB:&nbsp;<\/strong>Desde 25 mil 999 pesos.<\/li><li>iPhone 15 Pro de 512 GB: Desde 30 mil 499 pesos.<\/li><li><strong>iPhone 15 Pro de 1 TB:&nbsp;<\/strong>Desde 34 mil 999 pesos.<\/li><\/ul>\n\n\n\n<p>En la misma p\u00e1gina de Apple est\u00e1 la opci\u00f3n para saber cu\u00e1nto almacenamiento necesitas, seg\u00fan tus actividades y as\u00ed comprar el modelo m\u00e1s adecuado para ti.<\/p>\n\n\n\n<p>Sobre la<strong>&nbsp;fecha de venta,<\/strong>&nbsp;Apple&nbsp;dio a conocer que la preventa inicia el 15 de septiembre a las 6:00 horas y estar\u00e1 disponible el 22 de septiembre.<\/p>\n\n\n\n<p>Como parte de las novedades, tambi\u00e9n se dio a conocer que USB-Cser\u00e1 parte del iPhone 15 como su nueva forma de carga y tambi\u00e9n llegar\u00e1 a los AirPods Pro y EarPods.<\/p>\n\n\n\n<p>Fuente: <a href=\"https:\/\/www.elfinanciero.com.mx\/tech\/2023\/09\/12\/para-que-pegues-el-grito-con-los-precios-preventa-del-iphone-15-comienza-el-15-de-septiembre\/?outputType=amp\" data-type=\"URL\" data-id=\"https:\/\/www.elfinanciero.com.mx\/tech\/2023\/09\/12\/para-que-pegues-el-grito-con-los-precios-preventa-del-iphone-15-comienza-el-15-de-septiembre\/?outputType=amp\">El Financiero<\/a> <\/p>\n","protected":false},"excerpt":{"rendered":"<p>La espera termin\u00f3 para los seguidores de la marca&nbsp;Apple&nbsp;debido a que ya anunci\u00f3 los&nbsp;precios y fecha de venta del iPhone 15 en M\u00e9xico, as\u00ed como sus nuevas caracter\u00edsticas. Durante el Apple event se dieron a conocer todos los detalles de los cuatro nuevos modelos: eliPhone 15, 15 Plus, 15 Pro y 15 Pro Max. Tambi\u00e9n [&hellip;]<\/p>\n","protected":false},"author":35,"featured_media":120706,"comment_status":"open","ping_status":"open","sticky":false,"template":"","format":"standard","meta":{"_monsterinsights_skip_tracking":false,"_monsterinsights_sitenote_active":false,"_monsterinsights_sitenote_note":"","_monsterinsights_sitenote_category":0,"footnotes":""},"categories":[576],"tags":[17945,10400,27201,16223],"class_list":["post-120704","post","type-post","status-publish","format-standard","has-post-thumbnail","hentry","category-ocio","tag-15-de-septiembre","tag-comienza","tag-iphone-15","tag-preventa","wp-image-borders"],"amp_enabled":true,"_links":{"self":[{"href":"https:\/\/nvnoticias.mx\/index.php\/wp-json\/wp\/v2\/posts\/120704","targetHints":{"allow":["GET"]}}],"collection":[{"href":"https:\/\/nvnoticias.mx\/index.php\/wp-json\/wp\/v2\/posts"}],"about":[{"href":"https:\/\/nvnoticias.mx\/index.php\/wp-json\/wp\/v2\/types\/post"}],"author":[{"embeddable":true,"href":"https:\/\/nvnoticias.mx\/index.php\/wp-json\/wp\/v2\/users\/35"}],"replies":[{"embeddable":true,"href":"https:\/\/nvnoticias.mx\/index.php\/wp-json\/wp\/v2\/comments?post=120704"}],"version-history":[{"count":4,"href":"https:\/\/nvnoticias.mx\/index.php\/wp-json\/wp\/v2\/posts\/120704\/revisions"}],"predecessor-version":[{"id":120710,"href":"https:\/\/nvnoticias.mx\/index.php\/wp-json\/wp\/v2\/posts\/120704\/revisions\/120710"}],"wp:featuredmedia":[{"embeddable":true,"href":"https:\/\/nvnoticias.mx\/index.php\/wp-json\/wp\/v2\/media\/120706"}],"wp:attachment":[{"href":"https:\/\/nvnoticias.mx\/index.php\/wp-json\/wp\/v2\/media?parent=120704"}],"wp:term":[{"taxonomy":"category","embeddable":true,"href":"https:\/\/nvnoticias.mx\/index.php\/wp-json\/wp\/v2\/categories?post=120704"},{"taxonomy":"post_tag","embeddable":true,"href":"https:\/\/nvnoticias.mx\/index.php\/wp-json\/wp\/v2\/tags?post=120704"}],"curies":[{"name":"wp","href":"https:\/\/api.w.org\/{rel}","templated":true}]}}